{"id":105,"date":"2012-03-17T13:18:04","date_gmt":"2012-03-17T12:18:04","guid":{"rendered":"http:\/\/paulineferrandprevot.com\/?p=105"},"modified":"2012-03-21T08:25:50","modified_gmt":"2012-03-21T07:25:50","slug":"pietermaritzburg-pauline-13e","status":"publish","type":"post","link":"https:\/\/paulineferrandprevot.com\/?p=105","title":{"rendered":"Pietermaritzburg : Pauline 13e"},"content":{"rendered":"<p><a href=\"http:\/\/paulineferrandprevot.com\/wp-content\/uploads\/2012\/03\/424384_203380596435042_136820523091050_289545_1812526816_n.jpg\"><img decoding=\"async\" loading=\"lazy\" class=\"alignnone size-thumbnail wp-image-113\" title=\"424384_203380596435042_136820523091050_289545_1812526816_n\" src=\"http:\/\/paulineferrandprevot.com\/wp-content\/uploads\/2012\/03\/424384_203380596435042_136820523091050_289545_1812526816_n-150x150.jpg\" alt=\"\" width=\"150\" height=\"150\" \/> <\/a><a href=\"http:\/\/paulineferrandprevot.com\/wp-content\/uploads\/2012\/03\/421723_203382293101539_136820523091050_289548_804482572_n.jpg\"><img decoding=\"async\" loading=\"lazy\" class=\"alignnone size-thumbnail wp-image-110\" title=\"421723_203382293101539_136820523091050_289548_804482572_n\" src=\"http:\/\/paulineferrandprevot.com\/wp-content\/uploads\/2012\/03\/421723_203382293101539_136820523091050_289548_804482572_n-150x150.jpg\" alt=\"\" width=\"150\" height=\"150\" \/><\/a>\u00a0 <a href=\"http:\/\/paulineferrandprevot.com\/wp-content\/uploads\/2012\/03\/426286_203380969768338_136820523091050_289547_527709565_n3.jpg\"><img decoding=\"async\" loading=\"lazy\" class=\"alignnone  wp-image-119\" title=\"426286_203380969768338_136820523091050_289547_527709565_n\" src=\"http:\/\/paulineferrandprevot.com\/wp-content\/uploads\/2012\/03\/426286_203380969768338_136820523091050_289547_527709565_n3-200x300.jpg\" alt=\"\" width=\"100\" height=\"149\" \/><\/a> <a href=\"http:\/\/paulineferrandprevot.com\/wp-content\/uploads\/2012\/03\/295249_204556669650768_136820523091050_292148_1972637496_n.jpg\"><img decoding=\"async\" loading=\"lazy\" class=\"alignnone size-thumbnail wp-image-125\" title=\"295249_204556669650768_136820523091050_292148_1972637496_n\" src=\"http:\/\/paulineferrandprevot.com\/wp-content\/uploads\/2012\/03\/295249_204556669650768_136820523091050_292148_1972637496_n-150x150.jpg\" alt=\"\" width=\"150\" height=\"150\" \/><\/a><\/p>\n<p>Apr\u00e8s un d\u00e9but de saison sur route r\u00e9ussi, Pauline a retrouv\u00e9 son VTT \u00e0 l\u2019occasion de la premi\u00e8re manche de la Coupe du monde \u00e0 Pietermaritzburg en Afrique du Sud.<\/p>\n<p>Cette course a permis \u00e0 nouveau \u00e0 Pauline de se mettre en \u00e9vidence en cette ann\u00e9e olympique. Elle sera de retour dans la Marne mardi, avant de prendre la direction de l\u2019Italie jeudi pour y disputer dimanche le Trofeo Alfredo Binda, 2e manche de la Coupe du monde sur route.<\/p>\n<p><strong>La r\u00e9action de Pauline\u00a0:<\/strong> \u00ab\u00a0Je suis super contente de ma course, la premi\u00e8re avec les \u00e9lites. Treizi\u00e8me et deuxi\u00e8me Fran\u00e7aise derri\u00e8re Julie Bresset est un bon r\u00e9sultat, car j\u2019\u00e9tais plac\u00e9e en quatri\u00e8me \u00a0ligne sur la grille de d\u00e9part.<\/p>\n<p>Le circuit \u00e9tait tr\u00e8s technique et il fallait faire tr\u00e8s attention car il avait plu durant la nuit. J\u2019avais de tr\u00e8s bonnes jambes. Dans le premier tour, il \u00e9tait difficile de doubler, puis j\u2019ai commenc\u00e9 \u00e0 reprendre des filles. Dans le quatri\u00e8me tour, un morceau de rubalise s\u2019est enroul\u00e9 autour de mon guidon. J\u2019ai d\u00fb mettre pied \u00e0 terre et j\u2019ai perdu un temps pr\u00e9cieux. Sans cet incident, je pouvais accrocher le top 10 \u00bb.<\/p>\n<p><strong>CLASSEMENT :<\/strong> 1. Wloszczowska Maja (Pol, CCC Polkowice) 1 h 34\u201901\u00a0; 2. Batty Emily (Can, Subaru-Trek) \u00e0 04\u2019\u2019 ; 3. Pendrel Catharine (Can, Luna Pro Team) \u00e0 23\u2019\u2019 ; 4.\u00a0 S\u00fcss Esther (Sui, Wheeler) \u00e0 1\u201903 ; 5. Bresset Julie (BH-Suntour) \u00e0 1\u201917 ; 6. Nash Katerina (Tch, Luna Pro Team) \u00e0 1\u201924\u00a0; 7. Spitz Sabine (All, Sabine Spitz Haibike Team) \u00e0 2\u201902 ; 8. Hanlen Karen (Nzl) \u00e0 2\u201917 ; 9. Last Annie (G.-B., Milka Brentjens RT) \u00e0 2\u201935 ; 10. Kalentieva Irina (Rus, Topeak Ergon) \u00e0 2\u201942\u00a0; 11. Joseph Rosara (Nzl, Rabobank Giant Offroad Team) \u00e0 3\u201905 ; 12. Osl Elisabeth (Aut, Ghost Factory) \u00e0 3\u201932 ; 13. Ferrand-Pr\u00e9vot Pauline (Rabobank Giant Offroad Team) \u00e0 3\u201936 ; 14. Davisson Lea (USA, Specialized Racing) \u00e0 3\u201959 ; 15. Irmiger Heather (USA, Subaru Trek) \u00e0 4\u201921\u2026 25. Enaux Sabrina (Specialized Solodet Vosges) \u00e0 6\u201953 ; 30. Krasniak Julie (Focus Mig Team) \u00e0 7\u201953 ; 35. Metzler Laura (BH SR Suntour) \u00e0 9\u201917 ; 53. Ravanel C\u00e9cile (GT Skoda) \u00e0 16\u201934\u00a0; 56. Bourdon Fanny (GT Skoda) \u00e0 18\u201935\u00a0; 57. Nani Caroline \u00e0 un tour\u00a0; 58. Chainel Lucie (BH SR Suntour) \u00e0 un tour.<\/p>\n<p>&nbsp;<\/p>\n<p align=\"center\"><strong>LES TEMPS DE PAULINE<\/strong><\/p>\n<p><strong><em>Premier tour\u00a0:<\/em><\/strong><em> 19\u201937\u00a0(17e) ; <strong>deuxi\u00e8me tour\u00a0:<\/strong> 19\u201904 (11e), 38\u201941 (13e)\u00a0; \u00a0<strong>troisi\u00e8me tour\u00a0:<\/strong> 19\u201928 (9e), 58\u201909 (12e)\u00a0<strong>; quatri\u00e8me tour\u00a0:<\/strong> 19\u201953 (16e), 1 h 18\u201902 (13e)\u00a0<strong>; cinqui\u00e8me tour\u00a0:<\/strong> 19\u201935 (12e), 1 h 37\u201937 (13e).<\/em><\/p>\n<p>Sylviane Dubau<\/p>\n","protected":false},"excerpt":{"rendered":"<p>\u00a0 Apr\u00e8s un d\u00e9but de saison sur route r\u00e9ussi, Pauline a retrouv\u00e9 son VTT \u00e0 l\u2019occasion de la premi\u00e8re manche de la Coupe du monde &hellip;<\/p>\n","protected":false},"author":2,"featured_media":125,"comment_status":"open","ping_status":"open","sticky":false,"template":"","format":"standard","meta":{"ngg_post_thumbnail":0},"categories":[1],"tags":[],"_links":{"self":[{"href":"https:\/\/paulineferrandprevot.com\/index.php?rest_route=\/wp\/v2\/posts\/105"}],"collection":[{"href":"https:\/\/paulineferrandprevot.com\/index.php?rest_route=\/wp\/v2\/posts"}],"about":[{"href":"https:\/\/paulineferrandprevot.com\/index.php?rest_route=\/wp\/v2\/types\/post"}],"author":[{"embeddable":true,"href":"https:\/\/paulineferrandprevot.com\/index.php?rest_route=\/wp\/v2\/users\/2"}],"replies":[{"embeddable":true,"href":"https:\/\/paulineferrandprevot.com\/index.php?rest_route=%2Fwp%2Fv2%2Fcomments&post=105"}],"version-history":[{"count":0,"href":"https:\/\/paulineferrandprevot.com\/index.php?rest_route=\/wp\/v2\/posts\/105\/revisions"}],"wp:featuredmedia":[{"embeddable":true,"href":"https:\/\/paulineferrandprevot.com\/index.php?rest_route=\/wp\/v2\/media\/125"}],"wp:attachment":[{"href":"https:\/\/paulineferrandprevot.com\/index.php?rest_route=%2Fwp%2Fv2%2Fmedia&parent=105"}],"wp:term":[{"taxonomy":"category","embeddable":true,"href":"https:\/\/paulineferrandprevot.com\/index.php?rest_route=%2Fwp%2Fv2%2Fcategories&post=105"},{"taxonomy":"post_tag","embeddable":true,"href":"https:\/\/paulineferrandprevot.com\/index.php?rest_route=%2Fwp%2Fv2%2Ftags&post=105"}],"curies":[{"name":"wp","href":"https:\/\/api.w.org\/{rel}","templated":true}]}}