{"id":136,"date":"2012-03-25T17:59:06","date_gmt":"2012-03-25T15:59:06","guid":{"rendered":"http:\/\/paulineferrandprevot.com\/?p=136"},"modified":"2012-03-26T16:13:01","modified_gmt":"2012-03-26T14:13:01","slug":"pauline-septieme-en-italie","status":"publish","type":"post","link":"https:\/\/paulineferrandprevot.com\/?p=136","title":{"rendered":"Pauline septi\u00e8me en Italie (+ vid\u00e9o)"},"content":{"rendered":"<p>Pauline a termin\u00e9 septi\u00e8me du Trofeo Alfredo Binda &#8211; comune Di Cittiglio en Italie, deuxi\u00e8me manche de la Coupe du monde. Dixi\u00e8me du Ronde Van Drenthe aux Pays-Bas (premi\u00e8re manche), Pauline entre \u00e0 nouveau dans les points.<\/p>\n<p>Vainqueur en 2009 et 2010, Marianne Vos, leader de Pauline, s\u2019est impos\u00e9e en solitaire, confortant sa premi\u00e8re place de la Coupe du monde apr\u00e8s son succ\u00e8s aux Pays-Bas.<\/p>\n<p><a href=\"http:\/\/paulineferrandprevot.com\/wp-content\/uploads\/2012\/03\/vos_pfp_cdm1.jpg\"><img decoding=\"async\" loading=\"lazy\" class=\"alignnone size-medium wp-image-141\" title=\"vos_pfp_cdm\" src=\"http:\/\/paulineferrandprevot.com\/wp-content\/uploads\/2012\/03\/vos_pfp_cdm1-300x200.jpg\" alt=\"\" width=\"300\" height=\"200\" \/> <\/a><a href=\"http:\/\/paulineferrandprevot.com\/wp-content\/uploads\/2012\/03\/558517_207277532712015_136820523091050_298346_1052074329_n1.jpg\"><img decoding=\"async\" loading=\"lazy\" class=\"alignnone size-medium wp-image-150\" title=\"558517_207277532712015_136820523091050_298346_1052074329_n\" src=\"http:\/\/paulineferrandprevot.com\/wp-content\/uploads\/2012\/03\/558517_207277532712015_136820523091050_298346_1052074329_n1-300x200.jpg\" alt=\"\" width=\"300\" height=\"200\" srcset=\"https:\/\/paulineferrandprevot.com\/wp-content\/uploads\/2012\/03\/558517_207277532712015_136820523091050_298346_1052074329_n1-300x200.jpg 300w, https:\/\/paulineferrandprevot.com\/wp-content\/uploads\/2012\/03\/558517_207277532712015_136820523091050_298346_1052074329_n1.jpg 960w\" sizes=\"(max-width: 300px) 100vw, 300px\" \/><\/a><a href=\"http:\/\/paulineferrandprevot.com\/wp-content\/uploads\/2012\/03\/558401_207277596045342_136820523091050_298347_1088926293_n1.jpg\"> <img decoding=\"async\" loading=\"lazy\" class=\"alignnone size-thumbnail wp-image-152\" title=\"558401_207277596045342_136820523091050_298347_1088926293_n\" src=\"http:\/\/paulineferrandprevot.com\/wp-content\/uploads\/2012\/03\/558401_207277596045342_136820523091050_298347_1088926293_n1-150x150.jpg\" alt=\"\" width=\"201\" height=\"200\" \/><\/a><a href=\"http:\/\/paulineferrandprevot.com\/wp-content\/uploads\/2012\/03\/vos_pfp_cdm1.jpg\"><br \/>\n<\/a><\/p>\n<p><a href=\"http:\/\/paulineferrandprevot.com\/wp-content\/uploads\/2012\/03\/DSC_0464.jpg\"><img decoding=\"async\" loading=\"lazy\" class=\"alignnone size-thumbnail wp-image-142\" title=\"DSC_0464\" src=\"http:\/\/paulineferrandprevot.com\/wp-content\/uploads\/2012\/03\/DSC_0464-150x150.jpg\" alt=\"\" width=\"150\" height=\"150\" \/> <\/a><a href=\"http:\/\/paulineferrandprevot.com\/wp-content\/uploads\/2012\/03\/DSC_0475.jpg\"><img decoding=\"async\" loading=\"lazy\" class=\"alignnone size-thumbnail wp-image-143\" title=\"DSC_0475\" src=\"http:\/\/paulineferrandprevot.com\/wp-content\/uploads\/2012\/03\/DSC_0475-150x150.jpg\" alt=\"\" width=\"150\" height=\"150\" \/><\/a><a href=\"http:\/\/paulineferrandprevot.com\/wp-content\/uploads\/2012\/03\/DSC_0476.jpg\"> <img decoding=\"async\" loading=\"lazy\" class=\"alignnone size-thumbnail wp-image-144\" title=\"DSC_0476\" src=\"http:\/\/paulineferrandprevot.com\/wp-content\/uploads\/2012\/03\/DSC_0476-150x150.jpg\" alt=\"\" width=\"150\" height=\"150\" \/><\/a><a href=\"http:\/\/paulineferrandprevot.com\/wp-content\/uploads\/2012\/03\/556560_207509009355534_136820523091050_298704_978672131_n3.jpg\"> <img decoding=\"async\" loading=\"lazy\" class=\"alignnone size-thumbnail wp-image-153\" title=\"556560_207509009355534_136820523091050_298704_978672131_n\" src=\"http:\/\/paulineferrandprevot.com\/wp-content\/uploads\/2012\/03\/556560_207509009355534_136820523091050_298704_978672131_n3-150x150.jpg\" alt=\"\" width=\"150\" height=\"150\" \/><\/a><a href=\"http:\/\/paulineferrandprevot.com\/wp-content\/uploads\/2012\/03\/vos_pfp_cdm1.jpg\"><br \/>\n<\/a><\/p>\n<p><strong><em>La r\u00e9action de Pauline\u00a0:<\/em><\/strong><em> \u00ab\u00a0La course a \u00e9t\u00e9 ennuyeuse jusqu\u2019\u00e0 deux tours de l\u2019arriv\u00e9e. J\u2019ai tent\u00e9 ma chance dans la difficile bosse et je me suis retrouv\u00e9e en t\u00eate avec la Britannique Emma Pooley. J&#8217;avais de bonnes sensations. Puis un groupe est revenu. J\u2019ai alors assur\u00e9 le travail pour Marianne Vos, ma leader. Marianne a ensuite attaqu\u00e9 et s\u2019est \u00e9chapp\u00e9e dans le dernier tour. J\u2019ai pu suivre Emma Pooley et l&#8217;Italienne\u00a0 Noemi Cantele \u00a0pour une place sur le podium, mais un petit groupe est revenu et comme auparavant j\u2019avais fait de nombreux efforts pour Marianne, je n\u2019ai pas pu faire mieux. Je voulais faire un podium\u2026 J\u2019esp\u00e8re que cela arrivera tr\u00e8s vite. Septi\u00e8me, ce n\u2019est pas si mal \u00bb.<\/em><\/p>\n<p><iframe loading=\"lazy\" src=\"http:\/\/www.youtube.com\/embed\/1H4t6YC5DCc\" frameborder=\"0\" width=\"560\" height=\"315\"><\/iframe><\/p>\n<p><strong>Classement\u00a0:<\/strong> 1re Vos Marianne (Rabobank) 131,200 km en 3 h 16\u201928\u00a0: 2e Guderzo Tatiana (MCipollini) \u00e0 34\u2019\u2019\u00a0; 3e Worrack Trixi (Team Specialized)\u00a0; 4e Arndt Judith (GreenEdge)\u00a0; 5e Johansson Emma (Hitec &#8211; Products)\u00a0; 6e Cantele Noemi (Be Pink)\u00a0; 7e Ferrand-Pr\u00e9vot Pauline (Rabobank)\u00a0; 8e Pooley Emma (AA Drink &#8211; Leontien)\u00a0; 9e Canuel Karol-Ann (Vienne Futuroscope)\u00a0; 10e Moolman Ashleigh (Lotto) \u00e0 37\u2019\u2019\u00a0; 18e Ferrier-Bruneau Christel (Hitec &#8211; Products) \u00e0 41\u2019\u2019\u00a0; 32e Rivat Am\u00e9lie (Vienne Futuroscope)\u00a0; 36e Andreas Graus\u00a0; \u00a047e Beveridge Julie (Vienne Futuroscope) \u00e0 55\u2019\u2019\u00a0; 50e Krasniak Julie\u00a0; 56e Biannic Aude \u00e0 2\u201919.<\/p>\n<p><strong>Prochaine course :<\/strong> Tour des Flandres, 1er avril.<\/p>\n<p>Sylviane Dubau<\/p>\n","protected":false},"excerpt":{"rendered":"<p>Pauline a termin\u00e9 septi\u00e8me du Trofeo Alfredo Binda &#8211; comune Di Cittiglio en Italie, deuxi\u00e8me manche de la Coupe du monde. Dixi\u00e8me du Ronde Van &hellip;<\/p>\n","protected":false},"author":2,"featured_media":153,"comment_status":"open","ping_status":"open","sticky":false,"template":"","format":"standard","meta":{"ngg_post_thumbnail":0},"categories":[1],"tags":[],"_links":{"self":[{"href":"https:\/\/paulineferrandprevot.com\/index.php?rest_route=\/wp\/v2\/posts\/136"}],"collection":[{"href":"https:\/\/paulineferrandprevot.com\/index.php?rest_route=\/wp\/v2\/posts"}],"about":[{"href":"https:\/\/paulineferrandprevot.com\/index.php?rest_route=\/wp\/v2\/types\/post"}],"author":[{"embeddable":true,"href":"https:\/\/paulineferrandprevot.com\/index.php?rest_route=\/wp\/v2\/users\/2"}],"replies":[{"embeddable":true,"href":"https:\/\/paulineferrandprevot.com\/index.php?rest_route=%2Fwp%2Fv2%2Fcomments&post=136"}],"version-history":[{"count":0,"href":"https:\/\/paulineferrandprevot.com\/index.php?rest_route=\/wp\/v2\/posts\/136\/revisions"}],"wp:featuredmedia":[{"embeddable":true,"href":"https:\/\/paulineferrandprevot.com\/index.php?rest_route=\/wp\/v2\/media\/153"}],"wp:attachment":[{"href":"https:\/\/paulineferrandprevot.com\/index.php?rest_route=%2Fwp%2Fv2%2Fmedia&parent=136"}],"wp:term":[{"taxonomy":"category","embeddable":true,"href":"https:\/\/paulineferrandprevot.com\/index.php?rest_route=%2Fwp%2Fv2%2Fcategories&post=136"},{"taxonomy":"post_tag","embeddable":true,"href":"https:\/\/paulineferrandprevot.com\/index.php?rest_route=%2Fwp%2Fv2%2Ftags&post=136"}],"curies":[{"name":"wp","href":"https:\/\/api.w.org\/{rel}","templated":true}]}}