{"id":155,"date":"2012-03-28T10:19:08","date_gmt":"2012-03-28T08:19:08","guid":{"rendered":"http:\/\/paulineferrandprevot.com\/?p=155"},"modified":"2012-03-28T10:41:37","modified_gmt":"2012-03-28T08:41:37","slug":"trente-deux-points-huitieme","status":"publish","type":"post","link":"https:\/\/paulineferrandprevot.com\/?p=155","title":{"rendered":"Trente-deux points = huiti\u00e8me !"},"content":{"rendered":"<div class=\"mceTemp\">\n<figure id=\"attachment_164\" aria-describedby=\"caption-attachment-164\" style=\"width: 150px\" class=\"wp-caption alignnone\"><a href=\"http:\/\/paulineferrandprevot.com\/wp-content\/uploads\/2012\/03\/399083_207734519332983_136820523091050_299150_148773658_n2.jpg\"><img decoding=\"async\" loading=\"lazy\" class=\"size-thumbnail wp-image-164\" title=\"399083_207734519332983_136820523091050_299150_148773658_n\" src=\"http:\/\/paulineferrandprevot.com\/wp-content\/uploads\/2012\/03\/399083_207734519332983_136820523091050_299150_148773658_n2-150x150.jpg\" alt=\"\" width=\"150\" height=\"150\" \/><\/a><figcaption id=\"caption-attachment-164\" class=\"wp-caption-text\">Photo : Anton Vos.<\/figcaption><\/figure>\n<\/div>\n<p>En inscrivant onze points (10e) lors du Ronde Van Drenthe aux Pays-Bas (10 mars) et vingt et un points (7e) dimanche dernier au Trofeo Alfredo Binda en Italie, Pauline occupe le huiti\u00e8me rang du classement provisoire de la Coupe du monde.<\/p>\n<p><strong>G\u00e9n\u00e9ral provisoire\u00a0de la Coupe du monde :<\/strong> 1re Marianne Vos (Ronde Van Drenthe\u00a0: 75 pts\u00a0; Trofeo Binda\u00a0: 75 pts) 150 points\u00a0; 2e Trixi Worrack (27\u00a0; 35) 62 points\u00a0; 3e Emma Johansson (35\u00a0; 27) 62 points\u00a0; 4e Tatiana Guderzo (0\u00a0; 50) 50 points\u00a0; 5e Kirsten Wild (50\u00a0; 0) 50 points\u00a0; 6e Judith Arndt (10\u00a0; 30) 40 points\u00a0; 7e Giorgia Bronzini (30\u00a0; 9) 39 points\u00a0; 8e Pauline FERRAND-PREVOT (11\u00a0; 21) 32 points\u00a0; 9e Adrie Visser (24\u00a0; 5) 29 points\u00a0; 10e Martine Bras (21\u00a0; 6) 27 points\u00a0; 11e Noemi Cantele (0\u00a0; 24) 24 points\u00a0; 12e Loes Gunnewijk (15\u00a0; 4) 19 points\u00a0; 13e Emma Pooley (0\u00a0; 18) 18 points\u00a0; 14e Monia Baccaille (18\u00a0; 0) 18 points\u00a0; 15e Karol-Ann Canuel (0\u00a0; 15) 15 points\u00a0; 16e Ashleigh Moolman (0\u00a0; 11) 11 points\u00a0; 17e Alena Amialiusk (0\u00a0; 10) 10 points\u00a0; 18e Audrey Cordon (9\u00a0; 0) 9 points\u00a0; 19e Tiffany Cromwell (7\u00a0; 2) 9 points\u00a0; 20e Annemiek Van Vleuten (0\u00a0; 9) 9 points\u00a0; 21e Romy Kasper (8\u00a0; 0) 8 points\u00a0; 22e Nicole Cooke (0\u00a0; 7) 7 points\u00a0; 23e Janneke Kanis (6\u00a0; 0) 6 points\u00a0; 24e Alexandra Burchenkova (5\u00a0; 0) 5 points\u00a0; 25e Elizabeth Armistead (4\u00a0; 0) 4 points\u00a0; 26e Christel Ferrier-Bruneau (0\u00a0; 3) 3 points\u00a0; 27e Charlotte Becker (3\u00a0; 0) 3 points\u00a0; 28e Chantal Blaak (2\u00a0; 0) 2 points\u00a0; 29e Christine Majerus (0\u00a0; 1) 1 point\u00a0; 30e Elisa Longo-Borghini (1\u00a0; 0) 1 point.<\/p>\n<p><strong>Dimanche au Tour des Flandres<\/strong> (3e manche de la Coupe du monde), Pauline (dossard 4) esp\u00e8re \u00e0 nouveau conclure dans les points.<em> \u00abJe vise le Top 5, car le parcours me convient tr\u00e8s bien avec les secteurs pav\u00e9s et surtout les bosses courtes mais raides. Lors de ma premi\u00e8re course de ma saison routi\u00e8re, j\u2019avais termin\u00e9 cinqui\u00e8me de la Omloop Het Nieuwsblad, \u00e9preuve belge qui emprunte une bonne partie des routes du Tour des Flandres. La condition est tr\u00e8s bonne et j\u2019aurai le statut de fille prot\u00e9g\u00e9e avec Marianne Vos \u00bb.<\/em><\/p>\n<p>Dimanche, le d\u00e9part du Tour des Flandres sera donn\u00e9 \u00e0 Oudenaarde \u00e0 10 h 30, la course sera longue de 129,300 km.<\/p>\n<p>Le Team Rabobank sera compos\u00e9 de Marianne Vos, Annemiek Van Vleuten, Liesbeth De Vocht, Sarah D\u00fcster, Roxane Knetemann et Pauline.<\/p>\n<p>Sylviane Dubau<\/p>\n","protected":false},"excerpt":{"rendered":"<p>En inscrivant onze points (10e) lors du Ronde Van Drenthe aux Pays-Bas (10 mars) et vingt et un points (7e) dimanche dernier au Trofeo Alfredo &hellip;<\/p>\n","protected":false},"author":2,"featured_media":164,"comment_status":"open","ping_status":"open","sticky":false,"template":"","format":"standard","meta":{"ngg_post_thumbnail":0},"categories":[1],"tags":[],"_links":{"self":[{"href":"https:\/\/paulineferrandprevot.com\/index.php?rest_route=\/wp\/v2\/posts\/155"}],"collection":[{"href":"https:\/\/paulineferrandprevot.com\/index.php?rest_route=\/wp\/v2\/posts"}],"about":[{"href":"https:\/\/paulineferrandprevot.com\/index.php?rest_route=\/wp\/v2\/types\/post"}],"author":[{"embeddable":true,"href":"https:\/\/paulineferrandprevot.com\/index.php?rest_route=\/wp\/v2\/users\/2"}],"replies":[{"embeddable":true,"href":"https:\/\/paulineferrandprevot.com\/index.php?rest_route=%2Fwp%2Fv2%2Fcomments&post=155"}],"version-history":[{"count":0,"href":"https:\/\/paulineferrandprevot.com\/index.php?rest_route=\/wp\/v2\/posts\/155\/revisions"}],"wp:featuredmedia":[{"embeddable":true,"href":"https:\/\/paulineferrandprevot.com\/index.php?rest_route=\/wp\/v2\/media\/164"}],"wp:attachment":[{"href":"https:\/\/paulineferrandprevot.com\/index.php?rest_route=%2Fwp%2Fv2%2Fmedia&parent=155"}],"wp:term":[{"taxonomy":"category","embeddable":true,"href":"https:\/\/paulineferrandprevot.com\/index.php?rest_route=%2Fwp%2Fv2%2Fcategories&post=155"},{"taxonomy":"post_tag","embeddable":true,"href":"https:\/\/paulineferrandprevot.com\/index.php?rest_route=%2Fwp%2Fv2%2Ftags&post=155"}],"curies":[{"name":"wp","href":"https:\/\/api.w.org\/{rel}","templated":true}]}}