{"id":167,"date":"2012-04-01T16:44:03","date_gmt":"2012-04-01T14:44:03","guid":{"rendered":"http:\/\/paulineferrandprevot.com\/?p=167"},"modified":"2012-04-03T16:31:31","modified_gmt":"2012-04-03T14:31:31","slug":"pauline-au-pied-du-top-10","status":"publish","type":"post","link":"https:\/\/paulineferrandprevot.com\/?p=167","title":{"rendered":"Pauline au pied du Top 10 (+ vid\u00e9o)"},"content":{"rendered":"<p><a href=\"http:\/\/paulineferrandprevot.com\/wp-content\/uploads\/2012\/04\/549104_208860592553709_136820523091050_301599_2093424630_n.jpg\"><img decoding=\"async\" loading=\"lazy\" class=\"alignnone size-thumbnail wp-image-169\" title=\"549104_208860592553709_136820523091050_301599_2093424630_n\" src=\"http:\/\/paulineferrandprevot.com\/wp-content\/uploads\/2012\/04\/549104_208860592553709_136820523091050_301599_2093424630_n-150x150.jpg\" alt=\"\" width=\"150\" height=\"150\" \/><\/a> <a href=\"http:\/\/paulineferrandprevot.com\/wp-content\/uploads\/2012\/04\/530971_210662572373511_136820523091050_305407_1868271193_n.jpg\"><img decoding=\"async\" loading=\"lazy\" class=\"alignnone size-thumbnail wp-image-170\" title=\"530971_210662572373511_136820523091050_305407_1868271193_n\" src=\"http:\/\/paulineferrandprevot.com\/wp-content\/uploads\/2012\/04\/530971_210662572373511_136820523091050_305407_1868271193_n-150x150.jpg\" alt=\"\" width=\"150\" height=\"150\" \/><\/a> <a href=\"http:\/\/paulineferrandprevot.com\/wp-content\/uploads\/2012\/04\/559222_210662709040164_136820523091050_305408_1964557960_n.jpg\"><img decoding=\"async\" loading=\"lazy\" class=\"alignnone size-thumbnail wp-image-171\" title=\"559222_210662709040164_136820523091050_305408_1964557960_n\" src=\"http:\/\/paulineferrandprevot.com\/wp-content\/uploads\/2012\/04\/559222_210662709040164_136820523091050_305408_1964557960_n-150x150.jpg\" alt=\"\" width=\"150\" height=\"150\" \/><\/a> <a href=\"http:\/\/paulineferrandprevot.com\/wp-content\/uploads\/2012\/04\/526989_210662855706816_136820523091050_305409_956461781_n.jpg\"><img decoding=\"async\" loading=\"lazy\" class=\"alignnone size-thumbnail wp-image-172\" title=\"526989_210662855706816_136820523091050_305409_956461781_n\" src=\"http:\/\/paulineferrandprevot.com\/wp-content\/uploads\/2012\/04\/526989_210662855706816_136820523091050_305409_956461781_n-150x150.jpg\" alt=\"\" width=\"150\" height=\"150\" \/><\/a><\/p>\n<p>Pour son premier Tour des Flandres, Pauline prend la onzi\u00e8me place de la troisi\u00e8me manche de la Coupe du monde. En l\u2019absence de Marianne Vos (malade), Pauline avait les jambes pour faire une belle place, mais&#8230; la course \u00e9tait trop tactique.<\/p>\n<p><iframe loading=\"lazy\" src=\"http:\/\/www.youtube.com\/embed\/F-v2VRxjYpI\" frameborder=\"0\" width=\"560\" height=\"315\"><\/iframe><\/p>\n<p><strong>La r\u00e9action de Pauline\u00a0:<\/strong> <em>\u00ab\u00a0Je suis un peu d\u00e9\u00e7ue, car la course n\u2019\u00e9tait pas assez s\u00e9lective dans le final pour cr\u00e9er une r\u00e9elle diff\u00e9rence. C\u2019\u00e9tait tr\u00e8s tactique et l\u2019\u00e9limination s\u2019est faite par l\u2019arri\u00e8re.<\/em><\/p>\n<p><em>A 30 kilom\u00e8tres de l\u2019arriv\u00e9e, nous \u00e9tions encore pr\u00e8s de quarante. C\u2019est alors que la Britannique Emma Pooley a plac\u00e9 une violente attaque. Je suis all\u00e9e la chercher, mais quelques kilom\u00e8tres plus loin le peloton est revenu et de suite l\u2019Allemande\u00a0 Judith Arndt et l\u2019Am\u00e9ricaine Kristin Armstrong ont attaqu\u00e9. Je n\u2019ai pas r\u00e9ussi \u00e0 prendre les roues, car je venais de fournir un gros effort. Il y a eu encore quelques attaques, mais personne n\u2019a pu rejoindre les deux filles en t\u00eate.<\/em><\/p>\n<p><em>A quatre bornes, j&#8217;avais pour objectif d&#8217;attaquer, mais l&#8217;\u00e9quipe AA Drink roulait beaucoup trop vite pour tenter quelque chose. Lors du sprint pour la troisi\u00e8me place, j\u2019ai donn\u00e9 tout ce qu\u2019il me restait de force. C\u2019est dommage, car les sensations \u00e9taient bonnes, mais la course n\u2019\u00e9tait pas assez difficile sur la fin. Je n\u2019aime pas les courses trop tactiques. J&#8217;\u00e9tais toujours dans les bons coups, mais les filles se regardaient apr\u00e8s avoir fait la diff\u00e9rence \u00bb<\/em>.<\/p>\n<p><a href=\"http:\/\/paulineferrandprevot.com\/wp-content\/uploads\/2012\/04\/380762_210663245706777_136820523091050_305414_203946426_n.jpg\"><img decoding=\"async\" loading=\"lazy\" class=\"alignnone size-thumbnail wp-image-173\" title=\"380762_210663245706777_136820523091050_305414_203946426_n\" src=\"http:\/\/paulineferrandprevot.com\/wp-content\/uploads\/2012\/04\/380762_210663245706777_136820523091050_305414_203946426_n-150x150.jpg\" alt=\"\" width=\"150\" height=\"150\" \/><\/a> <a href=\"http:\/\/paulineferrandprevot.com\/wp-content\/uploads\/2012\/04\/522188_210663135706788_136820523091050_305412_76748449_n.jpg\"><img decoding=\"async\" loading=\"lazy\" class=\"alignnone size-thumbnail wp-image-175\" title=\"522188_210663135706788_136820523091050_305412_76748449_n\" src=\"http:\/\/paulineferrandprevot.com\/wp-content\/uploads\/2012\/04\/522188_210663135706788_136820523091050_305412_76748449_n-150x150.jpg\" alt=\"\" width=\"150\" height=\"150\" \/><\/a> <a href=\"http:\/\/paulineferrandprevot.com\/wp-content\/uploads\/2012\/04\/538550_210663305706771_136820523091050_305415_475614401_n.jpg\"><img decoding=\"async\" loading=\"lazy\" class=\"alignnone  wp-image-176\" title=\"538550_210663305706771_136820523091050_305415_475614401_n\" src=\"http:\/\/paulineferrandprevot.com\/wp-content\/uploads\/2012\/04\/538550_210663305706771_136820523091050_305415_475614401_n-150x150.jpg\" alt=\"\" width=\"150\" height=\"150\" \/><\/a> <a href=\"http:\/\/paulineferrandprevot.com\/wp-content\/uploads\/2012\/04\/539837_210662952373473_136820523091050_305410_320489429_n.jpg\"><img decoding=\"async\" loading=\"lazy\" class=\"alignnone size-thumbnail wp-image-180\" title=\"539837_210662952373473_136820523091050_305410_320489429_n\" src=\"http:\/\/paulineferrandprevot.com\/wp-content\/uploads\/2012\/04\/539837_210662952373473_136820523091050_305410_320489429_n-150x150.jpg\" alt=\"\" width=\"150\" height=\"150\" \/><\/a><\/p>\n<p><strong>Classement\u00a0:<\/strong> 1re Arndt Judith (GreenEdge) 3 h 19\u201905 ; 2e Armstrong Kristin (Exergy &#8211; Twenty) \u00e0 02\u2019\u2019 ; 3e Numainville Jo\u00eblle (Can) \u00e0 30\u2019\u2019 ; 4e Wild Kristen (AA Drink &#8211; Leontien) ; 5e Visser Adrie (Skil &#8211; Argos) ; 6e Van Dijk Ellen (Tean Specialized) ; 7e Arys Evelyn (Kleo Ladies Team) ; 8e Majerus Christine (Tean GSD Gestion) ; 9e Van Der Breggen Anna (Sengers Ladies Cycling Team) ; 10e Amialyvsik Alena (Be Pink) ; 11e FERRAND-PREVOT Pauline (Rabobank) ; 12e\u00a0 Johansson Emma (Hitec &#8211; Products) ;\u00a013e Monellis-Small Carmen\u00a0; 14e Polspoel Maaike (Topsport)\u00a0; 15e Cromwell Tiffany (GreenEdge)\u00a0; 16e Kupfernagel Hanka (Rusvelo)\u00a0; 17e Cordon Audrey (Vienne Futuroscope) ;\u00a018e Antoshina Tatiana (Rabobank) ; 19e Leleivyte Rasa (Vaiana) ; 20e Rivat Am\u00e9lie (Vienne Futuroscope) ; 61e Ferrier-Bruneau\u00a0 Christel (Hitec &#8211; Products) \u00e0 7\u201944.<\/p>\n<p><strong>COUPE DU MONDE<\/strong> : 1re Vos 150 points ; 2e Arndt 115 points\u00a0; 3e Wild 80 points\u00a0; 4e Johansson 71 points\u00a0; 5e Worrack 62 points\u00a0; 6e Visser 56 points\u00a0; 7e Armstrong 50 points\u00a0; 8e Guderzo 50 points\u00a0; 9e FERRAND-PREVOT 42 points\u00a0; 10e Bronzini 39 points\u00a0; 11e Nimainville 35 points\u00a0; 12e Bras 27 points\u00a0; 13e Van Dijk 24 points\u00a0; 14e Cantele 24 points\u00a0; 15e Arys 21 points\u00a0; 24e Cordon 13 points\u00a0; 36e Ferrier-Bruneau 3 points\u00a0; 40e Rivat 1 point.<\/p>\n<p><strong>Equipes\u00a0:<\/strong> 1re Stichting Rabo Women Cycling Team 203 points\u00a0; 2e GreenEdge &#8211; Ais 149 points\u00a0; 3e AA Drink &#8211; Leontien 104 points\u00a0; 4e Team Specialized &#8211; Lululemon 89 points ; 5e Hitec &#8211; Products 75 points ; 12e Vienne Futuroscope 29 points ; 15e Team GSD Gestion 19 points.<\/p>\n<p><strong>Prochaine course :<\/strong> \u00e9preuve de VTT dimanche \u00e0 Fumay dans les Ardennes.<\/p>\n<p>Sylviane Dubau (photos : Antos Vos)<\/p>\n","protected":false},"excerpt":{"rendered":"<p>Pour son premier Tour des Flandres, Pauline prend la onzi\u00e8me place de la troisi\u00e8me manche de la Coupe du monde. En l\u2019absence de Marianne Vos &hellip;<\/p>\n","protected":false},"author":2,"featured_media":180,"comment_status":"open","ping_status":"open","sticky":false,"template":"","format":"standard","meta":{"ngg_post_thumbnail":0},"categories":[1],"tags":[],"_links":{"self":[{"href":"https:\/\/paulineferrandprevot.com\/index.php?rest_route=\/wp\/v2\/posts\/167"}],"collection":[{"href":"https:\/\/paulineferrandprevot.com\/index.php?rest_route=\/wp\/v2\/posts"}],"about":[{"href":"https:\/\/paulineferrandprevot.com\/index.php?rest_route=\/wp\/v2\/types\/post"}],"author":[{"embeddable":true,"href":"https:\/\/paulineferrandprevot.com\/index.php?rest_route=\/wp\/v2\/users\/2"}],"replies":[{"embeddable":true,"href":"https:\/\/paulineferrandprevot.com\/index.php?rest_route=%2Fwp%2Fv2%2Fcomments&post=167"}],"version-history":[{"count":0,"href":"https:\/\/paulineferrandprevot.com\/index.php?rest_route=\/wp\/v2\/posts\/167\/revisions"}],"wp:featuredmedia":[{"embeddable":true,"href":"https:\/\/paulineferrandprevot.com\/index.php?rest_route=\/wp\/v2\/media\/180"}],"wp:attachment":[{"href":"https:\/\/paulineferrandprevot.com\/index.php?rest_route=%2Fwp%2Fv2%2Fmedia&parent=167"}],"wp:term":[{"taxonomy":"category","embeddable":true,"href":"https:\/\/paulineferrandprevot.com\/index.php?rest_route=%2Fwp%2Fv2%2Fcategories&post=167"},{"taxonomy":"post_tag","embeddable":true,"href":"https:\/\/paulineferrandprevot.com\/index.php?rest_route=%2Fwp%2Fv2%2Ftags&post=167"}],"curies":[{"name":"wp","href":"https:\/\/api.w.org\/{rel}","templated":true}]}}