{"id":186,"date":"2012-04-03T17:01:21","date_gmt":"2012-04-03T15:01:21","guid":{"rendered":"http:\/\/paulineferrandprevot.com\/?p=186"},"modified":"2012-04-03T17:46:00","modified_gmt":"2012-04-03T15:46:00","slug":"a-lire-dans-velo-magazine","status":"publish","type":"post","link":"https:\/\/paulineferrandprevot.com\/?p=186","title":{"rendered":"A lire dans VELO magazine"},"content":{"rendered":"<p><a href=\"http:\/\/paulineferrandprevot.com\/wp-content\/uploads\/2012\/04\/DSC_0908.jpg\"><img decoding=\"async\" loading=\"lazy\" class=\"alignnone size-medium wp-image-192\" title=\"DSC_0908\" src=\"http:\/\/paulineferrandprevot.com\/wp-content\/uploads\/2012\/04\/DSC_0908-300x200.jpg\" alt=\"\" width=\"300\" height=\"200\" \/><\/a><\/p>\n<p>VELO magazine (n\u00b0 495, avril 2012), dans la rubrique \u00ab\u00a0D\u00e9couverte\u00a0\u00bb, consacre cinq pages\u00a0 \u00e0 Pauline &#8220;Pauline Ferrand-Pr\u00e9vot plus pr\u00e8s des \u00e9toiles&#8221;. No\u00ebl Nilly \u00e9voque l\u2019int\u00e9gration de Pauline chez Rabobank\u00a0 ainsi que son d\u00e9but de saison et les JO de Londres.<\/p>\n<p>Marianne Vos parle de sa jeune \u00e9quipi\u00e8re. Un autre article laisse aussi la parole \u00e0 G\u00e9rard Brocks, son entra\u00eeneur.<\/p>\n<p>Deux erreurs figurent dans l\u2019article\u2026 Aux fans de trouver\u2026 (facile)<\/p>\n","protected":false},"excerpt":{"rendered":"<p>VELO magazine (n\u00b0 495, avril 2012), dans la rubrique \u00ab\u00a0D\u00e9couverte\u00a0\u00bb, consacre cinq pages\u00a0 \u00e0 Pauline &#8220;Pauline Ferrand-Pr\u00e9vot plus pr\u00e8s des \u00e9toiles&#8221;. No\u00ebl Nilly \u00e9voque l\u2019int\u00e9gration &hellip;<\/p>\n","protected":false},"author":2,"featured_media":192,"comment_status":"open","ping_status":"open","sticky":false,"template":"","format":"standard","meta":{"ngg_post_thumbnail":0},"categories":[1],"tags":[],"_links":{"self":[{"href":"https:\/\/paulineferrandprevot.com\/index.php?rest_route=\/wp\/v2\/posts\/186"}],"collection":[{"href":"https:\/\/paulineferrandprevot.com\/index.php?rest_route=\/wp\/v2\/posts"}],"about":[{"href":"https:\/\/paulineferrandprevot.com\/index.php?rest_route=\/wp\/v2\/types\/post"}],"author":[{"embeddable":true,"href":"https:\/\/paulineferrandprevot.com\/index.php?rest_route=\/wp\/v2\/users\/2"}],"replies":[{"embeddable":true,"href":"https:\/\/paulineferrandprevot.com\/index.php?rest_route=%2Fwp%2Fv2%2Fcomments&post=186"}],"version-history":[{"count":0,"href":"https:\/\/paulineferrandprevot.com\/index.php?rest_route=\/wp\/v2\/posts\/186\/revisions"}],"wp:featuredmedia":[{"embeddable":true,"href":"https:\/\/paulineferrandprevot.com\/index.php?rest_route=\/wp\/v2\/media\/192"}],"wp:attachment":[{"href":"https:\/\/paulineferrandprevot.com\/index.php?rest_route=%2Fwp%2Fv2%2Fmedia&parent=186"}],"wp:term":[{"taxonomy":"category","embeddable":true,"href":"https:\/\/paulineferrandprevot.com\/index.php?rest_route=%2Fwp%2Fv2%2Fcategories&post=186"},{"taxonomy":"post_tag","embeddable":true,"href":"https:\/\/paulineferrandprevot.com\/index.php?rest_route=%2Fwp%2Fv2%2Ftags&post=186"}],"curies":[{"name":"wp","href":"https:\/\/api.w.org\/{rel}","templated":true}]}}