{"id":2094,"date":"2013-09-11T22:32:16","date_gmt":"2013-09-11T20:32:16","guid":{"rendered":"http:\/\/paulineferrandprevot.com\/?p=2094"},"modified":"2013-09-21T12:28:42","modified_gmt":"2013-09-21T10:28:42","slug":"rando-vtt-les-monts-clovis","status":"publish","type":"post","link":"https:\/\/paulineferrandprevot.com\/?p=2094","title":{"rendered":"RANDO VTT LES MONTS CLOVIS"},"content":{"rendered":"<pre style=\"text-align: center;\"><em><strong><span style=\"color: #800080;\">Marraine de l'organisation, Pauline ne sera pas pr\u00e9sente \u00e0 cette RANDO.<\/span><\/strong><\/em><\/pre>\n<pre style=\"text-align: center;\"><strong><em><span style=\"color: #808080;\">Si vous \u00eates du cot\u00e9 de SOISSONS, allez y !<\/span><\/em><\/strong><\/pre>\n<pre style=\"text-align: center;\"><em><strong><span style=\"color: #800080;\">\u00a0Promis, d\u00e8s son retour d' Italie, elle trouvera un samedi de libre pour une sortie conviviale.<\/span><\/strong><\/em><\/pre>\n<p><a href=\"http:\/\/paulineferrandprevot.com\/wp-content\/uploads\/2013\/09\/FLYrecto.jpg\"><img decoding=\"async\" loading=\"lazy\" class=\"size-medium wp-image-2095 aligncenter\" title=\"FLYrecto\" src=\"http:\/\/paulineferrandprevot.com\/wp-content\/uploads\/2013\/09\/FLYrecto-215x300.jpg\" alt=\"\" width=\"215\" height=\"300\" \/><\/a><a href=\"http:\/\/paulineferrandprevot.com\/wp-content\/uploads\/2013\/09\/FLYverso.jpg\"><img decoding=\"async\" loading=\"lazy\" class=\"size-medium wp-image-2096 aligncenter\" title=\"FLYverso\" src=\"http:\/\/paulineferrandprevot.com\/wp-content\/uploads\/2013\/09\/FLYverso-211x300.jpg\" alt=\"\" width=\"211\" height=\"300\" \/><\/a><\/p>\n<p>&nbsp;<\/p>\n","protected":false},"excerpt":{"rendered":"<p>Marraine de l&#8217;organisation, Pauline ne sera pas pr\u00e9sente \u00e0 cette RANDO. Si vous \u00eates du cot\u00e9 de SOISSONS, allez y ! \u00a0Promis, d\u00e8s son retour &hellip;<\/p>\n","protected":false},"author":3,"featured_media":0,"comment_status":"open","ping_status":"open","sticky":true,"template":"","format":"standard","meta":{"ngg_post_thumbnail":0},"categories":[1],"tags":[],"_links":{"self":[{"href":"https:\/\/paulineferrandprevot.com\/index.php?rest_route=\/wp\/v2\/posts\/2094"}],"collection":[{"href":"https:\/\/paulineferrandprevot.com\/index.php?rest_route=\/wp\/v2\/posts"}],"about":[{"href":"https:\/\/paulineferrandprevot.com\/index.php?rest_route=\/wp\/v2\/types\/post"}],"author":[{"embeddable":true,"href":"https:\/\/paulineferrandprevot.com\/index.php?rest_route=\/wp\/v2\/users\/3"}],"replies":[{"embeddable":true,"href":"https:\/\/paulineferrandprevot.com\/index.php?rest_route=%2Fwp%2Fv2%2Fcomments&post=2094"}],"version-history":[{"count":0,"href":"https:\/\/paulineferrandprevot.com\/index.php?rest_route=\/wp\/v2\/posts\/2094\/revisions"}],"wp:attachment":[{"href":"https:\/\/paulineferrandprevot.com\/index.php?rest_route=%2Fwp%2Fv2%2Fmedia&parent=2094"}],"wp:term":[{"taxonomy":"category","embeddable":true,"href":"https:\/\/paulineferrandprevot.com\/index.php?rest_route=%2Fwp%2Fv2%2Fcategories&post=2094"},{"taxonomy":"post_tag","embeddable":true,"href":"https:\/\/paulineferrandprevot.com\/index.php?rest_route=%2Fwp%2Fv2%2Ftags&post=2094"}],"curies":[{"name":"wp","href":"https:\/\/api.w.org\/{rel}","templated":true}]}}