{"id":2136,"date":"2013-09-12T23:17:20","date_gmt":"2013-09-12T21:17:20","guid":{"rendered":"http:\/\/paulineferrandprevot.com\/?p=2136"},"modified":"2013-09-12T23:22:31","modified_gmt":"2013-09-12T21:22:31","slug":"1ere-etape-du-tour-de-toscane-pauline-a-la-forme","status":"publish","type":"post","link":"https:\/\/paulineferrandprevot.com\/?p=2136","title":{"rendered":"1ere \u00e9tape du tour de toscane &#8211; PAULINE A LA FORME"},"content":{"rendered":"<p><strong>1\u00e8re ETAPE :<\/strong> Bottegone -Massa e Cozzile, di 126 km<\/p>\n<p>C&#8217;\u00e9tait une \u00e9tape tr\u00e8s\u00a0rapide, du plat, puis\u00a0 \u00a0une c\u00f4te \u00e0 gravir plusieurs fois.<\/p>\n<p>PFP: apr\u00e8s un bloc de travail en vtt, puis quelques petits probl\u00e8mes de sant\u00e9 semaine derni\u00e8re, je ne savais pas comment je serais sur une course d&#8217;un tel niveau.<\/p>\n<p>Je me suis de suite positionn\u00e9e en t\u00eate, dans la c\u00f4te, cela montait tr\u00e8s vite, je suis pass\u00e9e devant car j&#8217;avais peur de ne pas suivre, et quand je me suis retourn\u00e9e, il n&#8217;y avait plus grand monde dans le peloton.<\/p>\n<p>Au fil des kilom\u00e8tres, nous n&#8217;\u00e9tions plus beaucoup, J&#8217;ai beaucoup travaill\u00e9 avec mes co-\u00e9quip\u00e8res, pour\u00a0prot\u00e9ger Marianne, mais sur le finale, j&#8217;ai pay\u00e9 de \u00a0mes efforts et je me fais sortir avec Lisa Longo Borgini.<\/p>\n<p>Pauline est satisfaite du coup de p\u00e9dale, c&#8217;\u00e9tait le but recherch\u00e9, avoir encore du jus en fin de saison.<\/p>\n<div class=\"mceTemp mceIEcenter\">\u00a0<\/div>\n<div class=\"mceTemp mceIEcenter\">\u00a0<\/div>\n<div class=\"mceTemp mceIEcenter\">\u00a0<\/div>\n<div class=\"mceTemp mceIEcenter\">\u00a0<\/div>\n<div class=\"mceTemp mceIEcenter\">\u00a0<\/div>\n<figure id=\"attachment_2137\" aria-describedby=\"caption-attachment-2137\" style=\"width: 300px\" class=\"wp-caption aligncenter\"><a href=\"http:\/\/paulineferrandprevot.com\/wp-content\/uploads\/2013\/09\/image.jpeg\"><img decoding=\"async\" loading=\"lazy\" class=\"size-medium wp-image-2137\" title=\"image\" src=\"http:\/\/paulineferrandprevot.com\/wp-content\/uploads\/2013\/09\/image-300x200.jpg\" alt=\"\" width=\"300\" height=\"200\" \/><\/a><figcaption id=\"caption-attachment-2137\" class=\"wp-caption-text\">un podium souriant<\/figcaption><\/figure>\n<p>\u00a0<img decoding=\"async\" src=\"https:\/\/docs.google.com\/viewer?attid=0.15&amp;pid=gmail&amp;thid=141134044c46f233&amp;url=https%3A%2F%2Fmail.google.com%2Fmail%2Fu%2F0%2F%3Fui%3D2%26ik%3Dffbcb36846%26view%3Datt%26th%3D141134044c46f233%26attid%3D0.15%26disp%3Dsafe%26zw&amp;docid=7b19dc62f3ee70a3da14af765d42fe2a%7Cb3bdd9bfc06954583c7275112c93f104&amp;a=bi&amp;pagenumber=1&amp;w=800\" alt=\"\" \/><\/p>\n","protected":false},"excerpt":{"rendered":"<p>1\u00e8re ETAPE : Bottegone -Massa e Cozzile, di 126 km C&#8217;\u00e9tait une \u00e9tape tr\u00e8s\u00a0rapide, du plat, puis\u00a0 \u00a0une c\u00f4te \u00e0 gravir plusieurs fois. PFP: apr\u00e8s &hellip;<\/p>\n","protected":false},"author":3,"featured_media":2137,"comment_status":"open","ping_status":"open","sticky":true,"template":"","format":"standard","meta":{"ngg_post_thumbnail":0},"categories":[1],"tags":[],"_links":{"self":[{"href":"https:\/\/paulineferrandprevot.com\/index.php?rest_route=\/wp\/v2\/posts\/2136"}],"collection":[{"href":"https:\/\/paulineferrandprevot.com\/index.php?rest_route=\/wp\/v2\/posts"}],"about":[{"href":"https:\/\/paulineferrandprevot.com\/index.php?rest_route=\/wp\/v2\/types\/post"}],"author":[{"embeddable":true,"href":"https:\/\/paulineferrandprevot.com\/index.php?rest_route=\/wp\/v2\/users\/3"}],"replies":[{"embeddable":true,"href":"https:\/\/paulineferrandprevot.com\/index.php?rest_route=%2Fwp%2Fv2%2Fcomments&post=2136"}],"version-history":[{"count":0,"href":"https:\/\/paulineferrandprevot.com\/index.php?rest_route=\/wp\/v2\/posts\/2136\/revisions"}],"wp:featuredmedia":[{"embeddable":true,"href":"https:\/\/paulineferrandprevot.com\/index.php?rest_route=\/wp\/v2\/media\/2137"}],"wp:attachment":[{"href":"https:\/\/paulineferrandprevot.com\/index.php?rest_route=%2Fwp%2Fv2%2Fmedia&parent=2136"}],"wp:term":[{"taxonomy":"category","embeddable":true,"href":"https:\/\/paulineferrandprevot.com\/index.php?rest_route=%2Fwp%2Fv2%2Fcategories&post=2136"},{"taxonomy":"post_tag","embeddable":true,"href":"https:\/\/paulineferrandprevot.com\/index.php?rest_route=%2Fwp%2Fv2%2Ftags&post=2136"}],"curies":[{"name":"wp","href":"https:\/\/api.w.org\/{rel}","templated":true}]}}