{"id":23,"date":"2012-03-02T09:59:30","date_gmt":"2012-03-02T08:59:30","guid":{"rendered":"http:\/\/paulineferrandprevot.com\/?p=23"},"modified":"2012-03-04T17:37:09","modified_gmt":"2012-03-04T16:37:09","slug":"direction-tielt-winge","status":"publish","type":"post","link":"https:\/\/paulineferrandprevot.com\/?p=23","title":{"rendered":"Direction Tielt-Winge"},"content":{"rendered":"<p>C\u2019est \u00e0 nouveau en Belgique que Pauline Ferrand-Pr\u00e9vot cherchera \u00e0 se mettre en \u00e9vidence. Dimanche \u00e0 Tielt-Winge, la Marnaise sera au d\u00e9part de la Omloop Het Van Hageland (123,600 kilom\u00e8tres), deuxi\u00e8me rendez-vous de son calendrier routier.<\/p>\n<p>Cinqui\u00e8me samedi dernier \u00e0 l\u2019issue de la Omloop Het Nieuwsblad, la Marnaise retrouvera la plupart des adversaires qui ont anim\u00e9 l\u2019\u00e9preuve d\u2019ouverture du calendrier routier europ\u00e9en dont la N\u00e9erlandaise Adrie Visser (Skil 1t4i), vainqueur mercredi de la Samyn devant l\u2019Italienne Noemi Cantele (Be Pink) et l\u2019Allemande Trixi Worrack (Specialized Lululemon).<\/p>\n<p><strong>L\u2019objectif de Pauline\u00a0:<\/strong> \u00abCette course va me permettre de poursuivre ma pr\u00e9paration en faisait du rythme. Le parcours semble moins costaud que celui de samedi dernier. Si je ne parviens pas \u00e0 prendre la bonne \u00e9chapp\u00e9e, mon r\u00f4le sera alors d\u2019aider mes \u00e9quipi\u00e8res, me mettre au service des sprinteuses de l\u2019\u00e9quipe en cas d\u2019arriv\u00e9e group\u00e9e. Apr\u00e8s ma belle course de samedi dernier, le moral est au beau fixe et j\u2019ai h\u00e2te \u00e0 nouveau d\u2019en d\u00e9coudre \u00bb.<\/p>\n<p><strong>DANS LE RETRO<\/strong><\/p>\n<p><strong>HET VAN HAGELAND 2011\u00a0:<\/strong> 1. Emma Johansson (Su\u00e9, Hitec Products) les 123 km en 3 h 29\u201921\u00a0; 2. Adrie Visser (P.-B., HTC Highroad) mt\u00a0; 3. Sjoukje Dufoer (Bel, Topsport Vlaanderen) mt ; 4. Marie Lindberg (Su\u00e9, Abus Nutrixxion) mt ;\u00a0 5. Sofie De Vuyst (Bel, Lotto Honda Team) mt\u2026<\/p>\n<p><em>Sylviane Dubau<\/em><\/p>\n","protected":false},"excerpt":{"rendered":"<p>C\u2019est \u00e0 nouveau en Belgique que Pauline Ferrand-Pr\u00e9vot cherchera \u00e0 se mettre en \u00e9vidence. Dimanche \u00e0 Tielt-Winge, la Marnaise sera au d\u00e9part de la Omloop &hellip;<\/p>\n","protected":false},"author":2,"featured_media":0,"comment_status":"open","ping_status":"open","sticky":false,"template":"","format":"standard","meta":{"ngg_post_thumbnail":0},"categories":[1],"tags":[],"_links":{"self":[{"href":"https:\/\/paulineferrandprevot.com\/index.php?rest_route=\/wp\/v2\/posts\/23"}],"collection":[{"href":"https:\/\/paulineferrandprevot.com\/index.php?rest_route=\/wp\/v2\/posts"}],"about":[{"href":"https:\/\/paulineferrandprevot.com\/index.php?rest_route=\/wp\/v2\/types\/post"}],"author":[{"embeddable":true,"href":"https:\/\/paulineferrandprevot.com\/index.php?rest_route=\/wp\/v2\/users\/2"}],"replies":[{"embeddable":true,"href":"https:\/\/paulineferrandprevot.com\/index.php?rest_route=%2Fwp%2Fv2%2Fcomments&post=23"}],"version-history":[{"count":0,"href":"https:\/\/paulineferrandprevot.com\/index.php?rest_route=\/wp\/v2\/posts\/23\/revisions"}],"wp:attachment":[{"href":"https:\/\/paulineferrandprevot.com\/index.php?rest_route=%2Fwp%2Fv2%2Fmedia&parent=23"}],"wp:term":[{"taxonomy":"category","embeddable":true,"href":"https:\/\/paulineferrandprevot.com\/index.php?rest_route=%2Fwp%2Fv2%2Fcategories&post=23"},{"taxonomy":"post_tag","embeddable":true,"href":"https:\/\/paulineferrandprevot.com\/index.php?rest_route=%2Fwp%2Fv2%2Ftags&post=23"}],"curies":[{"name":"wp","href":"https:\/\/api.w.org\/{rel}","templated":true}]}}