{"id":2597,"date":"2014-01-12T22:44:12","date_gmt":"2014-01-12T21:44:12","guid":{"rendered":"http:\/\/paulineferrandprevot.com\/?p=2597"},"modified":"2014-01-12T22:44:12","modified_gmt":"2014-01-12T21:44:12","slug":"velo-101-noubli-pas-les-filles","status":"publish","type":"post","link":"https:\/\/paulineferrandprevot.com\/?p=2597","title":{"rendered":"VELO 101 n&#8217;oubli pas les filles."},"content":{"rendered":"<h1><strong>Les beaux articles sont pour les gars, avec <\/strong><\/h1>\n<h1><strong>V\u00e9lo 101 c&#8217;est pas comme \u00e7a.<\/strong><\/h1>\n<h1><strong>LA CLASSE \u00a0<\/strong><strong>(une grand MERCI)<\/strong><\/h1>\n<h1><\/h1>\n<h1>Championnats de France de Ligni\u00e8res \u2014 La princesse prend les reines<\/h1>\n<div id=\"socialarticle\">\n<div id=\"___plusone_0\"><\/div>\n<\/div>\n<p id=\"parution\"><a href=\"http:\/\/www.velo101.com\/cyclo-cross\"> Cyclo-cross<\/a> Publi\u00e9 le 12\/01\/2014 14:32<\/p>\n<h2>Championnats de France Dames\/Juniors Dames. Pauline Ferrand-Pr\u00e9vot obtient son premier titre devant les ex championnes de France Lucie Chainel et Caroline Mani.<\/h2>\n<div><a title=\"Pauline Ferrand-Pr\u00e9vot - \u00a9 V\u00e9lo 101 &lt;br \/&gt; Toute reproduction, m\u00eame partielle, sans autorisation, est strictement interdite.\" href=\"http:\/\/photo.velo101.fr\/2013\/grande\/pfpnam2.jpg\" rel=\"images\"><img decoding=\"async\" loading=\"lazy\" title=\"Pauline Ferrand-Pr\u00e9vot\" alt=\"Pauline Ferrand-Pr\u00e9vot\" src=\"http:\/\/photo.velo101.fr\/2013\/mini\/pfpnam2.jpg\" width=\"undefined\" height=\"undefined\" \/> <\/a><br \/>\n\u00a9 V\u00e9lo 101<\/div>\n<p>Le c\u0153ur de Pauline Ferrand-Pr\u00e9vot (Rabo Women Cycling Team) a toujours battu \u00e0 fr\u00e9quence \u00e9gale pour ses trois disciplines de pr\u00e9dilection\u00a0: la route dont elle est double championne de France du chrono et ancienne championne du monde Juniors, le VTT dont\u00a0 elle rafla deux titres mondiaux chez les Juniors et se rapproche du maillot arc-en-ciel chez les Espoirs (3\u00e8me en 2011, 2\u00e8me en 2013), et le cyclo-cross pour lequel elle \u00e9volue depuis toujours avec les Elites, n&#8217;ayant pas b\u00e9n\u00e9fici\u00e9 de la cr\u00e9ation tardive d&#8217;un Championnat de France r\u00e9serv\u00e9 aux Cadettes (en 2010) puis aux Juniors (en 2012). Surdou\u00e9e dans chacune de ces disciplines, la R\u00e9moise demeurait obs\u00e9d\u00e9e par l&#8217;id\u00e9e d&#8217;obtenir enfin un titre dans la sp\u00e9cialit\u00e9 hivernale, elle qui foule le podium des France depuis quatre ans : m\u00e9daill\u00e9e de bronze en 2010 \u00e0 17 ans, d&#8217;argent en 2011, 2012 et 2013.<\/p>\n<p>&nbsp;<\/p>\n<p>Ce tournant, Pauline Ferrand-Pr\u00e9vot entend donc bien le prendre aujourd&#8217;hui sur le circuit physique de Ligni\u00e8res, dans le Cher. La jeune fille de 21 ans a \u00e9t\u00e9 retard\u00e9e dans sa pr\u00e9paration par une op\u00e9ration d&#8217;un ongle incarn\u00e9. Un mal pour un bien qui lui vaut d&#8217;aborder l&#8217;\u00e9ch\u00e9ance avec autant de fra\u00eecheur que de d\u00e9termination&#8230; mais qui l&#8217;oblige \u00e0 s&#8217;\u00e9lancer en deuxi\u00e8me ligne, faute d&#8217;avoir pu marquer suffisamment de points au Challenge National en d\u00e9pit de sa victoire \u00e0 Flamanville pour son unique apparition. Lucie Chainel (EC St\u00e9phanois), la double tenante du titre, a pris conscience de l&#8217;adversit\u00e9 qui l&#8217;attend dans cette course en cinq tours. Elle va donc t\u00e2cher d&#8217;exploiter au mieux le l\u00e9ger avantage que lui procure un d\u00e9part en pole position.<\/p>\n<p>D\u00e8s le coup de pistolet, Lucie Chainel se catapulte aux avant-postes, cherchant \u00e0 obliger son adversaire n\u00b01 \u00e0 fournir un gros effort pour rentrer. Mais il ne lui faudra pas un demi-tour du circuit dessin\u00e9 dans l&#8217;enceinte du P\u00f4le du Cheval et de l&#8217;Ane pour se porter \u00e0 la hauteur de la double championne de France. Tr\u00e8s vite, chacune cherche \u00e0 prendre l&#8217;ascendant sur l&#8217;autre mais le combat trahit bient\u00f4t les lacunes de Lucie Chainel. La Lorraine \u00e9prouve des difficult\u00e9s \u00e0 garder la roue de Pauline Ferrand-Pr\u00e9vot. Le style tranche entre les deux. Quand elle se retourne sur la partie asphalt\u00e9e du deuxi\u00e8me tour, la R\u00e9moise aper\u00e7oit une concurrente d\u00e9hanch\u00e9e, \u00e0 la recherche d&#8217;un second souffle, une vingtaine de m\u00e8tres dans son dos. C&#8217;est le signal pour Ferrand-Pr\u00e9vot, qui insiste avec tout son c\u0153ur, relance avec puissance et fait la diff\u00e9rence pour alors gagner 10 \u00e0 15 secondes par tour.<\/p>\n<div><a title=\"Pauline Ferrand-Pr\u00e9vot - \u00a9 Elodie Troadec &lt;br \/&gt; Toute reproduction, m\u00eame partielle, sans autorisation, est strictement interdite.\" href=\"http:\/\/photo.velo101.fr\/2013\/grande\/pauline_ferrandprevot_juin_2013.jpg\" rel=\"images\"><img decoding=\"async\" loading=\"lazy\" title=\"Pauline Ferrand-Pr\u00e9vot\" alt=\"Pauline Ferrand-Pr\u00e9vot\" src=\"http:\/\/photo.velo101.fr\/2013\/mini\/pauline_ferrandprevot_juin_2013.jpg\" width=\"undefined\" height=\"undefined\" \/> <\/a><br \/>\n\u00a9 Elodie Troadec<\/div>\n<p>Lucie Chainel, apr\u00e8s avoir d\u00e9croch\u00e9 physiquement, semble l\u00e2cher mentalement \u00e0 la vue des diff\u00e9rences \u00e9tablies. Mais elle se remobilise rapidement car Caroline Mani (Raleigh-Clement) la tient en ligne de mire pour la 2\u00e8me place. Et m\u00eame si l&#8217;argent ne fait pas le bonheur, c&#8217;est bel et bien le m\u00e9tal que vise d\u00e9sormais Chainel, qui parvient \u00e0 relancer sous la pression maintenue derri\u00e8re elle par Caroline Mani. Elle maintiendra un \u00e9cart d&#8217;une dizaine de secondes avec sa poursuivante pour pr\u00e9server le 2\u00e8me rang, loin derri\u00e8re l&#8217;intouchable Pauline Ferrand-Pr\u00e9vot, qui obtient \u00e0 Ligni\u00e8res son premier titre national en cyclo-cross, le quinzi\u00e8me de sa jeune carri\u00e8re toutes disciplines et cat\u00e9gories confondues. Les reines de la sp\u00e9cialit\u00e9 que furent Lucie Chainel et Caroline Mani sont aujourd&#8217;hui d\u00e9pos\u00e9es par la princesse.<\/p>\n<p>&nbsp;<\/p>\n<p>Et son accession au tr\u00f4ne de France pourrait durer plus de temps que l&#8217;ann\u00e9e qui l&#8217;attend d\u00e9sormais avec le maillot bleu-blanc-rouge. N&#8217;en d\u00e9plaise \u00e0 une rel\u00e8ve incarn\u00e9e chez les Juniors par Emeline Gaultier (Bretagne), victorieuse avec 19 secondes d&#8217;avance sur Laura Perry (Franche-Comt\u00e9) et 1&#8217;06&#8221; sur Chlo\u00e9 Fortin (Pays de la Loire).<\/p>\n<p><strong>Classement\u00a0:<\/strong><\/p>\n<p>1. Pauline Ferrand-Pr\u00e9vot (Champagne-Ardenne) en 37&#8217;27&#8221;<br \/>\n2. Lucie Chainel (Lorraine) \u00e0 41 sec.<br \/>\n3. Caroline Mani (Franche-Comt\u00e9) \u00e0 56 sec.<br \/>\n4. Marl\u00e8ne Morel-Petitgirard (Franche-Comt\u00e9) \u00e0 2&#8217;14&#8221;<br \/>\n5. Julie Boucher (Centre) \u00e0 2&#8217;50&#8221;<br \/>\n6. Eva Colin (Franche-Comt\u00e9) \u00e0 2&#8217;54&#8221;<br \/>\n7. Fanny Stumpf (Ile-de-France) \u00e0 3&#8217;01&#8221;<br \/>\n8. Ludivine Loze (Midi-Pyren\u00e9es) \u00e0 3&#8217;06&#8221;<br \/>\n9. Marl\u00e8ne Petit (Rh\u00f4ne-Alpes) \u00e0 3&#8217;11&#8221;<br \/>\n10. St\u00e9phanie Vaxillaire (Bourgogne) \u00e0 3&#8217;18&#8221;<\/p>\n<p><strong>Classement\u00a0Juniors Dames :<\/strong><\/p>\n<p>1. Emeline Gaultier (Bretagne) en 40&#8217;05&#8221;<br \/>\n2. Laura Perry (Franche-Comt\u00e9) \u00e0 19 sec.<br \/>\n3. Chlo\u00e9 Fortin (Pays de la Loire) \u00e0 1&#8217;06&#8221;<br \/>\n4. Ma\u00ebva Calvez (Bretagne) \u00e0 1&#8217;53&#8221;<br \/>\n5. Cl\u00e9mence Ondet (Centre) \u00e0 2&#8217;23&#8221;<br \/>\n6. Laura Goergen (Ile-de-France) \u00e0 2&#8217;38&#8221;<br \/>\n7. Lisa Huber (Ile-de-France) \u00e0 3&#8217;04&#8221;<br \/>\n8. Solenne Billouin (Pays de la Loire) \u00e0 3&#8217;14&#8221;<br \/>\n9. Victorie Guilman (Poitou-Charentes) \u00e0 3&#8217;23&#8221;<br \/>\n10. Jade Marion (Bourgogne) m.t.<\/p>\n","protected":false},"excerpt":{"rendered":"<p>Les beaux articles sont pour les gars, avec V\u00e9lo 101 c&#8217;est pas comme \u00e7a. LA CLASSE \u00a0(une grand MERCI) Championnats de France de Ligni\u00e8res \u2014 &hellip;<\/p>\n","protected":false},"author":3,"featured_media":0,"comment_status":"open","ping_status":"open","sticky":true,"template":"","format":"standard","meta":{"ngg_post_thumbnail":0},"categories":[1],"tags":[],"_links":{"self":[{"href":"https:\/\/paulineferrandprevot.com\/index.php?rest_route=\/wp\/v2\/posts\/2597"}],"collection":[{"href":"https:\/\/paulineferrandprevot.com\/index.php?rest_route=\/wp\/v2\/posts"}],"about":[{"href":"https:\/\/paulineferrandprevot.com\/index.php?rest_route=\/wp\/v2\/types\/post"}],"author":[{"embeddable":true,"href":"https:\/\/paulineferrandprevot.com\/index.php?rest_route=\/wp\/v2\/users\/3"}],"replies":[{"embeddable":true,"href":"https:\/\/paulineferrandprevot.com\/index.php?rest_route=%2Fwp%2Fv2%2Fcomments&post=2597"}],"version-history":[{"count":0,"href":"https:\/\/paulineferrandprevot.com\/index.php?rest_route=\/wp\/v2\/posts\/2597\/revisions"}],"wp:attachment":[{"href":"https:\/\/paulineferrandprevot.com\/index.php?rest_route=%2Fwp%2Fv2%2Fmedia&parent=2597"}],"wp:term":[{"taxonomy":"category","embeddable":true,"href":"https:\/\/paulineferrandprevot.com\/index.php?rest_route=%2Fwp%2Fv2%2Fcategories&post=2597"},{"taxonomy":"post_tag","embeddable":true,"href":"https:\/\/paulineferrandprevot.com\/index.php?rest_route=%2Fwp%2Fv2%2Ftags&post=2597"}],"curies":[{"name":"wp","href":"https:\/\/api.w.org\/{rel}","templated":true}]}}