{"id":2751,"date":"2014-04-23T22:37:04","date_gmt":"2014-04-23T20:37:04","guid":{"rendered":"http:\/\/paulineferrandprevot.com\/?p=2751"},"modified":"2014-04-24T10:11:35","modified_gmt":"2014-04-24T08:11:35","slug":"fleche-wallonne-2014-pauline-soffre-la-plus-belle-des-epreuves","status":"publish","type":"post","link":"https:\/\/paulineferrandprevot.com\/?p=2751","title":{"rendered":"FLECHE WALLONNE 2014 : Pauline s&#8217;offre la plus belle des \u00e9preuves !"},"content":{"rendered":"<p><a href=\"http:\/\/paulineferrandprevot.com\/wp-content\/uploads\/2014\/04\/arrivee1.jpg\"><img decoding=\"async\" loading=\"lazy\" class=\"alignleft size-medium wp-image-2756\" style=\"width: 320px; height: 248px;\" alt=\"arrivee\" src=\"http:\/\/paulineferrandprevot.com\/wp-content\/uploads\/2014\/04\/arrivee1-300x225.jpg\" width=\"300\" height=\"225\" \/><\/a>Pauline a remport\u00e9, cet apr\u00e8s-midi, la 4\u00e8me manche de la coupe du monde 2014.<\/p>\n<p>D\u00e8s le d\u00e9part, Pauline et ses co\u00e9quipi\u00e8res avaient d\u00e9cid\u00e9 de durcir la course. Au pied de la premi\u00e8re ascension du mur de Huy, c&#8217;est un groupe d&#8217;une trentaine de concurrentes qui se pr\u00e9sente, parmi lesquelles figurent toutes les favorites. Pauline passe la ligne en bonne position, toujours bien plac\u00e9e au c\u00f4t\u00e9 de sa leader Marianne Vos, qui faisait son retour \u00e0 la comp\u00e9tition.<\/p>\n<p>C&#8217;est une vingtaine de concurrentes qui\u00a0entament l&#8217;ultime mont\u00e9e vers la ligne d&#8217;arriv\u00e9e. Grace au travail de ses co\u00e9quipi\u00e8res, Pauline aborde le dernier virage dans la meilleure des positions et vient remporter cette fl\u00e8che wallonne 2014 de la plus belle des mani\u00e8res. A seulement 22 ans&#8230; <em><strong>BRAVO<\/strong><\/em> !!<\/p>\n<p><em>photo Anton Vos<\/em><\/p>\n<p>&nbsp;<\/p>\n<p>&nbsp;<\/p>\n<p><strong><em><span style=\"text-decoration: underline;\">La r\u00e9action de Pauline \u00e0 l&#8217;arriv\u00e9e<\/span><\/em>\u00a0:<\/strong><\/p>\n<p>Aujourd&#8217;hui, j&#8217;ai gagn\u00e9 la fl\u00e8che wallonne ! je ne r\u00e9alise pas encore !!<\/p>\n<p>MERCI \u00e0 mes co\u00e9quipi\u00e8res pour le merveilleux boulot et au staff de Rabobank Liv\/Giant !<\/p>\n<p>Merci \u00e9galement au public pour les nombreux encouragements.<\/p>\n<p><a href=\"http:\/\/paulineferrandprevot.com\/wp-content\/uploads\/2014\/04\/IMG_4874.jpg\"><img decoding=\"async\" loading=\"lazy\" class=\"alignleft size-medium wp-image-2764\" alt=\"IMG_4874\" src=\"http:\/\/paulineferrandprevot.com\/wp-content\/uploads\/2014\/04\/IMG_4874-300x200.jpg\" width=\"300\" height=\"200\" srcset=\"https:\/\/paulineferrandprevot.com\/wp-content\/uploads\/2014\/04\/IMG_4874-300x200.jpg 300w, https:\/\/paulineferrandprevot.com\/wp-content\/uploads\/2014\/04\/IMG_4874-1024x683.jpg 1024w\" sizes=\"(max-width: 300px) 100vw, 300px\" \/><\/a><\/p>\n<p>&nbsp;<\/p>\n<p>&nbsp;<\/p>\n<p>&nbsp;<\/p>\n<p>&nbsp;<\/p>\n<p>&nbsp;<\/p>\n<p>&nbsp;<\/p>\n<p>&nbsp;<\/p>\n<p>&nbsp;<\/p>\n<p><strong><em><span style=\"text-decoration: underline;\">Classement de l&#8217;\u00e9preuve<\/span> :<\/em><\/strong><\/p>\n<p>1 &#8211; Pauline Ferrand Prevot &#8211; RABO WOMEN CYCLING TEAM en 3h 26&#8217;43&#8221;<\/p>\n<p>2 &#8211; Elizabeth Armitstead &#8211; BOELS DOLMANS CYCLING TEAM<\/p>\n<p>3- Elisa Longo Borghini &#8211; HITEC PRODUCTS<\/p>\n<p>4 &#8211; Evelyn Stevens &#8211; SPECIALIZED LULULEMON<\/p>\n<p>5 &#8211; Ashleigh Moolman Pasio &#8211; HITEC PRODUCTS<\/p>\n<p>6 &#8211; Marianne Vos\u00a0&#8211; RABO WOMEN CYCLING TEAM<\/p>\n<p>7 &#8211; Emma Pooley &#8211; LOTTO BELISOL LADIES<\/p>\n<p>8 &#8211; Linda Villumsen &#8211; WIGGLE HONDA<\/p>\n<p>9 &#8211; Claudia Hausler &#8211; TEAM GIANT SHIMANO<\/p>\n<p>10 &#8211; Elen Van Dijk &#8211; BOELS DOLMANS CYCLING TEAM<\/p>\n<p>&nbsp;<\/p>\n<p><strong><span style=\"color: #3366ff;\">Rendez-vous ce\u00a0vendredi pour L&#8217;EPZ OMLOOP Van BORSELE !<\/span><\/strong><\/p>\n<p>&nbsp;<\/p>\n<p>&nbsp;<\/p>\n<p><a href=\"http:\/\/paulineferrandprevot.com\/wp-content\/uploads\/2014\/04\/IMG_5040.jpg\"><img decoding=\"async\" loading=\"lazy\" class=\"alignleft size-medium wp-image-2766\" alt=\"IMG_5040\" src=\"http:\/\/paulineferrandprevot.com\/wp-content\/uploads\/2014\/04\/IMG_5040-300x200.jpg\" width=\"300\" height=\"200\" srcset=\"https:\/\/paulineferrandprevot.com\/wp-content\/uploads\/2014\/04\/IMG_5040-300x200.jpg 300w, https:\/\/paulineferrandprevot.com\/wp-content\/uploads\/2014\/04\/IMG_5040-1024x683.jpg 1024w, https:\/\/paulineferrandprevot.com\/wp-content\/uploads\/2014\/04\/IMG_5040-359x239.jpg 359w\" sizes=\"(max-width: 300px) 100vw, 300px\" \/><\/a><\/p>\n<p>&nbsp;<\/p>\n<p>&nbsp;<\/p>\n<p>&nbsp;<\/p>\n<p>&nbsp;<\/p>\n<p>photos C. Duquesne<\/p>\n<p><a href=\"http:\/\/paulineferrandprevot.com\/wp-content\/uploads\/2014\/04\/IMG_4912.jpg\"><img decoding=\"async\" loading=\"lazy\" class=\"alignleft size-medium wp-image-2762\" style=\"width: 350px; height: 224px;\" alt=\"IMG_4912\" src=\"http:\/\/paulineferrandprevot.com\/wp-content\/uploads\/2014\/04\/IMG_4912-300x200.jpg\" width=\"300\" height=\"200\" srcset=\"https:\/\/paulineferrandprevot.com\/wp-content\/uploads\/2014\/04\/IMG_4912-300x200.jpg 300w, https:\/\/paulineferrandprevot.com\/wp-content\/uploads\/2014\/04\/IMG_4912-1024x683.jpg 1024w\" sizes=\"(max-width: 300px) 100vw, 300px\" \/><\/a><\/p>\n<p>&nbsp;<\/p>\n","protected":false},"excerpt":{"rendered":"<p>Pauline a remport\u00e9, cet apr\u00e8s-midi, la 4\u00e8me manche de la coupe du monde 2014. D\u00e8s le d\u00e9part, Pauline et ses co\u00e9quipi\u00e8res avaient d\u00e9cid\u00e9 de durcir &hellip;<\/p>\n","protected":false},"author":3,"featured_media":2766,"comment_status":"open","ping_status":"open","sticky":true,"template":"","format":"standard","meta":{"ngg_post_thumbnail":0},"categories":[1],"tags":[],"_links":{"self":[{"href":"https:\/\/paulineferrandprevot.com\/index.php?rest_route=\/wp\/v2\/posts\/2751"}],"collection":[{"href":"https:\/\/paulineferrandprevot.com\/index.php?rest_route=\/wp\/v2\/posts"}],"about":[{"href":"https:\/\/paulineferrandprevot.com\/index.php?rest_route=\/wp\/v2\/types\/post"}],"author":[{"embeddable":true,"href":"https:\/\/paulineferrandprevot.com\/index.php?rest_route=\/wp\/v2\/users\/3"}],"replies":[{"embeddable":true,"href":"https:\/\/paulineferrandprevot.com\/index.php?rest_route=%2Fwp%2Fv2%2Fcomments&post=2751"}],"version-history":[{"count":0,"href":"https:\/\/paulineferrandprevot.com\/index.php?rest_route=\/wp\/v2\/posts\/2751\/revisions"}],"wp:featuredmedia":[{"embeddable":true,"href":"https:\/\/paulineferrandprevot.com\/index.php?rest_route=\/wp\/v2\/media\/2766"}],"wp:attachment":[{"href":"https:\/\/paulineferrandprevot.com\/index.php?rest_route=%2Fwp%2Fv2%2Fmedia&parent=2751"}],"wp:term":[{"taxonomy":"category","embeddable":true,"href":"https:\/\/paulineferrandprevot.com\/index.php?rest_route=%2Fwp%2Fv2%2Fcategories&post=2751"},{"taxonomy":"post_tag","embeddable":true,"href":"https:\/\/paulineferrandprevot.com\/index.php?rest_route=%2Fwp%2Fv2%2Ftags&post=2751"}],"curies":[{"name":"wp","href":"https:\/\/api.w.org\/{rel}","templated":true}]}}