{"id":2774,"date":"2014-04-27T00:35:37","date_gmt":"2014-04-26T22:35:37","guid":{"rendered":"http:\/\/paulineferrandprevot.com\/?p=2774"},"modified":"2014-04-28T01:13:04","modified_gmt":"2014-04-27T23:13:04","slug":"epz-omloop-van-borsele","status":"publish","type":"post","link":"https:\/\/paulineferrandprevot.com\/?p=2774","title":{"rendered":"EPZ OMLOOP VAN BORSELE"},"content":{"rendered":"<p><a href=\"http:\/\/paulineferrandprevot.com\/wp-content\/uploads\/2014\/04\/IMG_5082.jpg\"><img decoding=\"async\" loading=\"lazy\" class=\"alignleft size-medium wp-image-2779\" alt=\"IMG_5082\" src=\"http:\/\/paulineferrandprevot.com\/wp-content\/uploads\/2014\/04\/IMG_5082-300x200.jpg\" width=\"300\" height=\"200\" srcset=\"https:\/\/paulineferrandprevot.com\/wp-content\/uploads\/2014\/04\/IMG_5082-300x200.jpg 300w, https:\/\/paulineferrandprevot.com\/wp-content\/uploads\/2014\/04\/IMG_5082-1024x683.jpg 1024w\" sizes=\"(max-width: 300px) 100vw, 300px\" \/><\/a>Pauline a particip\u00e9, vendredi et samedi \u00e0 L&#8217;EPZ Omloop Van Borsele, aux Pays-Bas, terres de l&#8217;\u00e9quipe Rabo Liv\u00a0Women Cycling Team.<\/p>\n<p>&nbsp;<\/p>\n<p>&nbsp;<\/p>\n<p>&nbsp;<\/p>\n<p>&nbsp;<\/p>\n<p><strong><span style=\"color: #0000ff;\"><span style=\"color: #333300; text-decoration: underline;\">1\u00e8re \u00e9tape <\/span><span style=\"color: #333300;\">: Contre-la-montre individuel<\/span><\/span><\/strong><\/p>\n<p>A 19h17, Pauline s&#8217;est \u00e9lanc\u00e9e pour un effort solitaire de 19,5 km. Malheureusement, suite \u00e0 une modification\u00a0dans les horaires de d\u00e9part, elle fut contrainte de partir priv\u00e9e d&#8217;\u00e9chauffement&#8230;<\/p>\n<p>Malgr\u00e9 cela, la championne de France de la discipline bouclera les 19,5 kms en 27&#8217;48&#8221; 75, prenant ainsi la <strong>11\u00e8me place.<\/strong><\/p>\n<p>L&#8217;\u00e9preuve fut remport\u00e9e par la championne du monde de la sp\u00e9cialit\u00e9, Ellen Van Dijk.<a href=\"http:\/\/paulineferrandprevot.com\/wp-content\/uploads\/2014\/04\/IMG_5121.jpg\"><img decoding=\"async\" loading=\"lazy\" class=\"alignright size-medium wp-image-2781\" alt=\"IMG_5121\" src=\"http:\/\/paulineferrandprevot.com\/wp-content\/uploads\/2014\/04\/IMG_5121-300x200.jpg\" width=\"300\" height=\"200\" srcset=\"https:\/\/paulineferrandprevot.com\/wp-content\/uploads\/2014\/04\/IMG_5121-300x200.jpg 300w, https:\/\/paulineferrandprevot.com\/wp-content\/uploads\/2014\/04\/IMG_5121-1024x683.jpg 1024w\" sizes=\"(max-width: 300px) 100vw, 300px\" \/><\/a><\/p>\n<p><span style=\"text-decoration: underline;\">Classement de la premi\u00e8re \u00e9tape<\/span> :<\/p>\n<p>1 &#8211; Ellen Van Dijk &#8211; Boels Dolmans Cycling Team en 26&#8217;48\u00a0 52<\/p>\n<p>2- Chantal Blaak &#8211; Specialized Lululemon en 26&#8217;57\u00a0 36<\/p>\n<p>3 &#8211; Tayler Wiles &#8211; Specialized Lululemon en 27&#8217;01\u00a0 30<\/p>\n<p>4 &#8211; Lisa Brennauer &#8211; Specialized Lululemon en 27&#8217;01\u00a0 50<\/p>\n<p>5 &#8211; Anna Van Der Breggen &#8211; Rabo Liv Wommen Cycling Team en 27&#8217;06\u00a0 10<\/p>\n<p>6 &#8211; Shara Gillow &#8211; Orica AIS en 27&#8217;22\u00a0 90<\/p>\n<p>7 &#8211; Roxane Knetemann &#8211; Rabo Liv Wommen Cycling Team en 27&#8217;24\u00a0 41<\/p>\n<p>8 &#8211; Karol-Ann Canuel &#8211; Specialized Lululemon en 27&#8217;29\u00a0 19<\/p>\n<p>9 &#8211; Loes Gunnewijk &#8211; Orica AIS en 27&#8217;33\u00a0 75<\/p>\n<p>10 &#8211; Annemiek Van Vleuten &#8211; Rabo Liv Wommen Cycling Team en 27&#8217;45\u00a0 31<\/p>\n<p>11 &#8211; <strong>Pauline Ferrand Prevot<\/strong> &#8211; Rabo Liv Wommen Cycling Team en 27&#8217;48\u00a0 75<\/p>\n<p>&nbsp;<\/p>\n<p><strong><span style=\"text-decoration: underline;\">2\u00e8me \u00e9tape<\/span> :<\/strong><\/p>\n<p>C&#8217;est \u00e0 14 h00 pr\u00e9cises que fut donn\u00e9 le d\u00e9part de la deuxi\u00e8me \u00e9tape. Plus de 130 concurentes allaient en d\u00e9coudre sur un circuit de 24 kms \u00e0 parcourir 5 fois.<\/p>\n<p>Durant ces 5 tours, Pauline et ses co\u00e9quipi\u00e8res ont, tour \u00e0 tour, tent\u00e9 de fausser compagnie au peloton. A 3 kms de l&#8217;arriv\u00e9e, Annmiek Van Vleuten tente une derni\u00e8re fois sa chance&#8230;en vain et c&#8217;est un groupe de\u00a015 \u00e9l\u00e9ments environ qui se pr\u00e9sente pour le sprint final. Pauline tire son \u00e9pingle du jeu et vient prendre une excellente<strong> 6\u00e8me place<\/strong>.<\/p>\n<p>&nbsp;<\/p>\n<p><span style=\"text-decoration: underline;\">Classement de la deuxi\u00e8me \u00e9tape<\/span> :<a href=\"http:\/\/paulineferrandprevot.com\/wp-content\/uploads\/2014\/04\/IMG_5216.jpg\"><img decoding=\"async\" loading=\"lazy\" class=\"alignright size-medium wp-image-2786\" alt=\"IMG_5216\" src=\"http:\/\/paulineferrandprevot.com\/wp-content\/uploads\/2014\/04\/IMG_5216-300x200.jpg\" width=\"300\" height=\"200\" srcset=\"https:\/\/paulineferrandprevot.com\/wp-content\/uploads\/2014\/04\/IMG_5216-300x200.jpg 300w, https:\/\/paulineferrandprevot.com\/wp-content\/uploads\/2014\/04\/IMG_5216-1024x683.jpg 1024w\" sizes=\"(max-width: 300px) 100vw, 300px\" \/><\/a><\/p>\n<p>1 &#8211; Chloe Hosking &#8211; Hitec Products en 2h57&#8217;43&#8221;<\/p>\n<p>2 &#8211; Kirsten Wild &#8211; Team Giant-Shimano<\/p>\n<p>3 &#8211; Ellen Van Dijk &#8211; Boels-Dolmans Cycling Team<\/p>\n<p>4 &#8211; Leah Kirchman &#8211; Canada national Team<\/p>\n<p>5 &#8211; Martina ZWICK &#8211; Bigla Cycling Team<\/p>\n<p>6 &#8211; <strong>Pauline Ferrand Prevot<\/strong> &#8211; Rabo Liv Women Cycling Team<\/p>\n<p>7 &#8211; Gracie Elvin &#8211; Orica AIS<\/p>\n<p>8 &#8211; Rossella Rato &#8211; Estado de Mexico &#8211; Faren<\/p>\n<p>9 &#8211; Nina Kessler Boels-Dolmans Cycling Team<\/p>\n<p>10 &#8211; Annemiek Van Vleuten &#8211; Rabo Liv Women Cycling Team<\/p>\n<p><a href=\"http:\/\/paulineferrandprevot.com\/wp-content\/uploads\/2014\/04\/IMG_5247.jpg\"><img decoding=\"async\" loading=\"lazy\" class=\"alignleft size-medium wp-image-2787\" alt=\"IMG_5247\" src=\"http:\/\/paulineferrandprevot.com\/wp-content\/uploads\/2014\/04\/IMG_5247-300x200.jpg\" width=\"300\" height=\"200\" srcset=\"https:\/\/paulineferrandprevot.com\/wp-content\/uploads\/2014\/04\/IMG_5247-300x200.jpg 300w, https:\/\/paulineferrandprevot.com\/wp-content\/uploads\/2014\/04\/IMG_5247-1024x683.jpg 1024w, https:\/\/paulineferrandprevot.com\/wp-content\/uploads\/2014\/04\/IMG_5247-359x239.jpg 359w\" sizes=\"(max-width: 300px) 100vw, 300px\" \/><\/a><\/p>\n<p><strong><em><span style=\"color: #0000ff;\">Dimanche Pauline sera au d\u00e9part de la Dwars Door de Westhoek \u00e0 Boezinge.<\/span><\/em><\/strong><\/p>\n<p>&nbsp;<\/p>\n<p>&nbsp;<\/p>\n<p>&nbsp;<\/p>\n","protected":false},"excerpt":{"rendered":"<p>Pauline a particip\u00e9, vendredi et samedi \u00e0 L&#8217;EPZ Omloop Van Borsele, aux Pays-Bas, terres de l&#8217;\u00e9quipe Rabo Liv\u00a0Women Cycling Team. &nbsp; &nbsp; &nbsp; &nbsp; 1\u00e8re &hellip;<\/p>\n","protected":false},"author":3,"featured_media":2787,"comment_status":"open","ping_status":"open","sticky":true,"template":"","format":"standard","meta":{"ngg_post_thumbnail":0},"categories":[1],"tags":[],"_links":{"self":[{"href":"https:\/\/paulineferrandprevot.com\/index.php?rest_route=\/wp\/v2\/posts\/2774"}],"collection":[{"href":"https:\/\/paulineferrandprevot.com\/index.php?rest_route=\/wp\/v2\/posts"}],"about":[{"href":"https:\/\/paulineferrandprevot.com\/index.php?rest_route=\/wp\/v2\/types\/post"}],"author":[{"embeddable":true,"href":"https:\/\/paulineferrandprevot.com\/index.php?rest_route=\/wp\/v2\/users\/3"}],"replies":[{"embeddable":true,"href":"https:\/\/paulineferrandprevot.com\/index.php?rest_route=%2Fwp%2Fv2%2Fcomments&post=2774"}],"version-history":[{"count":0,"href":"https:\/\/paulineferrandprevot.com\/index.php?rest_route=\/wp\/v2\/posts\/2774\/revisions"}],"wp:featuredmedia":[{"embeddable":true,"href":"https:\/\/paulineferrandprevot.com\/index.php?rest_route=\/wp\/v2\/media\/2787"}],"wp:attachment":[{"href":"https:\/\/paulineferrandprevot.com\/index.php?rest_route=%2Fwp%2Fv2%2Fmedia&parent=2774"}],"wp:term":[{"taxonomy":"category","embeddable":true,"href":"https:\/\/paulineferrandprevot.com\/index.php?rest_route=%2Fwp%2Fv2%2Fcategories&post=2774"},{"taxonomy":"post_tag","embeddable":true,"href":"https:\/\/paulineferrandprevot.com\/index.php?rest_route=%2Fwp%2Fv2%2Ftags&post=2774"}],"curies":[{"name":"wp","href":"https:\/\/api.w.org\/{rel}","templated":true}]}}