{"id":28,"date":"2012-03-04T17:29:25","date_gmt":"2012-03-04T16:29:25","guid":{"rendered":"http:\/\/paulineferrandprevot.com\/?p=28"},"modified":"2012-03-14T17:36:58","modified_gmt":"2012-03-14T16:36:58","slug":"pauline-deuxieme-a-tielt-winge","status":"publish","type":"post","link":"https:\/\/paulineferrandprevot.com\/?p=28","title":{"rendered":"Pauline deuxi\u00e8me \u00e0 Tielt-Winge (+ vid\u00e9o)"},"content":{"rendered":"<p><center><!-- index.php -->\n<div\n\tclass=\"ngg-galleryoverview ngg-ajax-pagination-none\"\n\tid=\"ngg-gallery-94afffc2c71b5fa3cf6abda99f9fe76f-1\">\n\n    \t<div class=\"slideshowlink\">\n        <a href='https:\/\/paulineferrandprevot.com\/index.php\/nggallery\/slideshow?p=28'>[Show as slideshow]<\/a>\n\t\t\n\t<\/div>\n\t\t\t<!-- Thumbnails -->\n\t\t\t\t<div id=\"ngg-image-0\" class=\"ngg-gallery-thumbnail-box\" >\n\t\t\t\t        <div class=\"ngg-gallery-thumbnail\">\n            <a href=\"https:\/\/paulineferrandprevot.com\/wp-content\/gallery\/tielt\/ant7309-1.jpg\"\n               title=\"\"\n               data-src=\"https:\/\/paulineferrandprevot.com\/wp-content\/gallery\/tielt\/ant7309-1.jpg\"\n               data-thumbnail=\"https:\/\/paulineferrandprevot.com\/wp-content\/gallery\/tielt\/thumbs\/thumbs_ant7309-1.jpg\"\n               data-image-id=\"19\"\n               data-title=\"ant7309-1\"\n               data-description=\"\"\n               data-image-slug=\"ant7309-1\"\n               class=\"shutterset_94afffc2c71b5fa3cf6abda99f9fe76f\">\n                <img\n                    title=\"ant7309-1\"\n                    alt=\"ant7309-1\"\n                    src=\"https:\/\/paulineferrandprevot.com\/wp-content\/gallery\/tielt\/thumbs\/thumbs_ant7309-1.jpg\"\n                    width=\"100\"\n                    height=\"75\"\n                    style=\"max-width:100%;\"\n                \/>\n            <\/a>\n        <\/div>\n\t\t\t\t\t\t\t<\/div> \n\t\t\t\n        \n\t\t\t\t<div id=\"ngg-image-1\" class=\"ngg-gallery-thumbnail-box\" >\n\t\t\t\t        <div class=\"ngg-gallery-thumbnail\">\n            <a href=\"https:\/\/paulineferrandprevot.com\/wp-content\/gallery\/tielt\/ant8084-1.jpg\"\n               title=\"\"\n               data-src=\"https:\/\/paulineferrandprevot.com\/wp-content\/gallery\/tielt\/ant8084-1.jpg\"\n               data-thumbnail=\"https:\/\/paulineferrandprevot.com\/wp-content\/gallery\/tielt\/thumbs\/thumbs_ant8084-1.jpg\"\n               data-image-id=\"20\"\n               data-title=\"ant8084-1\"\n               data-description=\"\"\n               data-image-slug=\"ant8084-1\"\n               class=\"shutterset_94afffc2c71b5fa3cf6abda99f9fe76f\">\n                <img\n                    title=\"ant8084-1\"\n                    alt=\"ant8084-1\"\n                    src=\"https:\/\/paulineferrandprevot.com\/wp-content\/gallery\/tielt\/thumbs\/thumbs_ant8084-1.jpg\"\n                    width=\"100\"\n                    height=\"75\"\n                    style=\"max-width:100%;\"\n                \/>\n            <\/a>\n        <\/div>\n\t\t\t\t\t\t\t<\/div> \n\t\t\t\n        \n\t\t\t\t<div id=\"ngg-image-2\" class=\"ngg-gallery-thumbnail-box\" >\n\t\t\t\t        <div class=\"ngg-gallery-thumbnail\">\n            <a href=\"https:\/\/paulineferrandprevot.com\/wp-content\/gallery\/tielt\/ant8848-1.jpg\"\n               title=\"\"\n               data-src=\"https:\/\/paulineferrandprevot.com\/wp-content\/gallery\/tielt\/ant8848-1.jpg\"\n               data-thumbnail=\"https:\/\/paulineferrandprevot.com\/wp-content\/gallery\/tielt\/thumbs\/thumbs_ant8848-1.jpg\"\n               data-image-id=\"21\"\n               data-title=\"ant8848-1\"\n               data-description=\"\"\n               data-image-slug=\"ant8848-1\"\n               class=\"shutterset_94afffc2c71b5fa3cf6abda99f9fe76f\">\n                <img\n                    title=\"ant8848-1\"\n                    alt=\"ant8848-1\"\n                    src=\"https:\/\/paulineferrandprevot.com\/wp-content\/gallery\/tielt\/thumbs\/thumbs_ant8848-1.jpg\"\n                    width=\"100\"\n                    height=\"75\"\n                    style=\"max-width:100%;\"\n                \/>\n            <\/a>\n        <\/div>\n\t\t\t\t\t\t\t<\/div> \n\t\t\t\n        \n\t\t\t\t<div id=\"ngg-image-3\" class=\"ngg-gallery-thumbnail-box\" >\n\t\t\t\t        <div class=\"ngg-gallery-thumbnail\">\n            <a href=\"https:\/\/paulineferrandprevot.com\/wp-content\/gallery\/tielt\/ant8943-1.jpg\"\n               title=\"\"\n               data-src=\"https:\/\/paulineferrandprevot.com\/wp-content\/gallery\/tielt\/ant8943-1.jpg\"\n               data-thumbnail=\"https:\/\/paulineferrandprevot.com\/wp-content\/gallery\/tielt\/thumbs\/thumbs_ant8943-1.jpg\"\n               data-image-id=\"22\"\n               data-title=\"ant8943-1\"\n               data-description=\"\"\n               data-image-slug=\"ant8943-1\"\n               class=\"shutterset_94afffc2c71b5fa3cf6abda99f9fe76f\">\n                <img\n                    title=\"ant8943-1\"\n                    alt=\"ant8943-1\"\n                    src=\"https:\/\/paulineferrandprevot.com\/wp-content\/gallery\/tielt\/thumbs\/thumbs_ant8943-1.jpg\"\n                    width=\"100\"\n                    height=\"75\"\n                    style=\"max-width:100%;\"\n                \/>\n            <\/a>\n        <\/div>\n\t\t\t\t\t\t\t<\/div> \n\t\t\t\n        \n\t\t\t\t<div id=\"ngg-image-4\" class=\"ngg-gallery-thumbnail-box\" >\n\t\t\t\t        <div class=\"ngg-gallery-thumbnail\">\n            <a href=\"https:\/\/paulineferrandprevot.com\/wp-content\/gallery\/tielt\/corvos_00018853-7.jpg\"\n               title=\"\"\n               data-src=\"https:\/\/paulineferrandprevot.com\/wp-content\/gallery\/tielt\/corvos_00018853-7.jpg\"\n               data-thumbnail=\"https:\/\/paulineferrandprevot.com\/wp-content\/gallery\/tielt\/thumbs\/thumbs_corvos_00018853-7.jpg\"\n               data-image-id=\"23\"\n               data-title=\"corvos_00018853-7\"\n               data-description=\"\"\n               data-image-slug=\"corvos_00018853-7\"\n               class=\"shutterset_94afffc2c71b5fa3cf6abda99f9fe76f\">\n                <img\n                    title=\"corvos_00018853-7\"\n                    alt=\"corvos_00018853-7\"\n                    src=\"https:\/\/paulineferrandprevot.com\/wp-content\/gallery\/tielt\/thumbs\/thumbs_corvos_00018853-7.jpg\"\n                    width=\"100\"\n                    height=\"75\"\n                    style=\"max-width:100%;\"\n                \/>\n            <\/a>\n        <\/div>\n\t\t\t\t\t\t\t<\/div> \n\t\t\t\n        \n\t\t\n\t\t<!-- Pagination -->\n\t<div class='ngg-clear'><\/div>\t<\/div>\n<\/center><iframe loading=\"lazy\" src=\"http:\/\/www.youtube.com\/embed\/HTRxHcaFrpo\" frameborder=\"0\" width=\"560\" height=\"315\"><\/iframe><\/p>\n<p>Pauline Ferrand-Pr\u00e9vot (Rabobank) se classe deuxi\u00e8me cet apr\u00e8s-midi de la Omloop Het Van Hageland (123,600 kilom\u00e8tres), dont l\u2019arriv\u00e9e \u00e9tait jug\u00e9e \u00e0 Tielt-Winge en Belgique (\u00e0 50 km de Bruxelles). Elle a \u00e9t\u00e9 battue au sprint par la Britannique Elizabeth Armitstead (AA Drink \u2013 Leontien). L\u2019Italienne Elisa Longo-Borghini (HITEC \u2013 Products) prend la troisi\u00e8me place.<\/p>\n<p>Pauline a connu un d\u00e9but de course difficile \u00e0 cause de la pluie, du froid, des chutes et d\u2019une crevaison de la roue avant apr\u00e8s 40 kilom\u00e8tres.<\/p>\n<p>A la fin de la grande boucle (56 kilom\u00e8tres), quatre filles s\u2019\u00e9chappent dont la Belge Liesbeth De Vocht (Rabobank). Dans le troisi\u00e8me des cinq petits tours de 15 kilom\u00e8tres, Pauline est victime \u00e0 nouveau d\u2019une crevaison (roue arri\u00e8re).<\/p>\n<p>Dans le dernier tour, revenue en t\u00eate du peloton, Pauline assiste \u00e0 l\u2019attaque de sa co\u00e9quipi\u00e8re Roxane Knetemann, qui est reprise au pied de la derni\u00e8re mont\u00e9e. \u00ab\u00a0PFP\u00a0\u00bb place un contre et part avec Elisa Longo-Borghini et Elizabeth Armitstead. L\u2019Italienne prend quelques secondes d\u2019avance dans la descente. Pauline comble le trou et \u00e0 300 m\u00e8tres de la ligne, la Britannique lance le sprint\u2026 et gagne.<\/p>\n<p>&nbsp;<\/p>\n<p><strong>La r\u00e9action de Pauline\u00a0:<\/strong> \u00ab\u00a0Aujourd\u2019hui, je reviens de loin. La pluie, le froid, les chutes, une fringale\u2026 je n\u2019\u00e9tais pas tr\u00e8s bien et je tra\u00eenais en queue de peloton. J\u2019ai crev\u00e9 une premi\u00e8re fois et j\u2019ai d\u00fb fournir un gros effort, puis une deuxi\u00e8me fois \u00e0 35 kilom\u00e8tres de l\u2019arriv\u00e9e. Dans le dernier tour, le peloton \u00e9tait regroup\u00e9. Je me suis dit qu\u2019il y avait un truc \u00e0 faire\u2026 Quand Roxane a attaqu\u00e9, j\u2019ai surveill\u00e9 et une \u00e9quipi\u00e8re m\u2019a fait signe de contrer car le peloton revenait fort sur Roxane. J\u2019ai attaqu\u00e9, mais avec moi il y avait la Britannique qui est tr\u00e8s rapide au sprint. Je ne pouvais faire mieux. Je suis tr\u00e8s contente de ma course \u00bb.<\/p>\n<p>&nbsp;<\/p>\n<p>Classement\u00a0: 1. ARMITSTEAD Elizabeth (GB) en\u00a003 h 17\u201949; 2 .FERRAND-PREVOT Pauline (FR) \u00e0 02 ; 3. LONGO-BORGHINI Elisa (IT) \u00e0 04 ; 4. WILD Kristen (P-B) \u00e0 43 ; 5. VISSER Adrie (P-B)\u00a0; 6. DRUYTS Kelly (BEL)\u00a0 ; 7. FRAPPORTI Simona (IT)\u00a0 ; 8. HANNES Katt (BEL)\u00a0 ; 9. MARTIN Lucy (GB)\u00a0 ; 10. D&#8217;HOORE Jolien (BEL)\u00a0 ; &#8230; 24. FERRIER-BRUNEAU \u00a0Christelle (FR) \u00a0\u00e0 43\u2026<\/p>\n<p>&nbsp;<\/p>\n<p><strong><em>Prochaine course\u00a0:<\/em><\/strong><em> Ronde Van Drenthe aux Pays-Bas (premi\u00e8re manche de la Coupe du monde) le 10 mars<\/em>.<\/p>\n<p>&nbsp;<\/p>\n<p>Sylviane Dubau<\/p>\n","protected":false},"excerpt":{"rendered":"<p>Pauline Ferrand-Pr\u00e9vot (Rabobank) se classe deuxi\u00e8me cet apr\u00e8s-midi de la Omloop Het Van Hageland (123,600 kilom\u00e8tres), dont l\u2019arriv\u00e9e \u00e9tait jug\u00e9e \u00e0 Tielt-Winge en Belgique (\u00e0 &hellip;<\/p>\n","protected":false},"author":2,"featured_media":0,"comment_status":"open","ping_status":"open","sticky":false,"template":"","format":"standard","meta":{"ngg_post_thumbnail":0},"categories":[1],"tags":[],"_links":{"self":[{"href":"https:\/\/paulineferrandprevot.com\/index.php?rest_route=\/wp\/v2\/posts\/28"}],"collection":[{"href":"https:\/\/paulineferrandprevot.com\/index.php?rest_route=\/wp\/v2\/posts"}],"about":[{"href":"https:\/\/paulineferrandprevot.com\/index.php?rest_route=\/wp\/v2\/types\/post"}],"author":[{"embeddable":true,"href":"https:\/\/paulineferrandprevot.com\/index.php?rest_route=\/wp\/v2\/users\/2"}],"replies":[{"embeddable":true,"href":"https:\/\/paulineferrandprevot.com\/index.php?rest_route=%2Fwp%2Fv2%2Fcomments&post=28"}],"version-history":[{"count":0,"href":"https:\/\/paulineferrandprevot.com\/index.php?rest_route=\/wp\/v2\/posts\/28\/revisions"}],"wp:attachment":[{"href":"https:\/\/paulineferrandprevot.com\/index.php?rest_route=%2Fwp%2Fv2%2Fmedia&parent=28"}],"wp:term":[{"taxonomy":"category","embeddable":true,"href":"https:\/\/paulineferrandprevot.com\/index.php?rest_route=%2Fwp%2Fv2%2Fcategories&post=28"},{"taxonomy":"post_tag","embeddable":true,"href":"https:\/\/paulineferrandprevot.com\/index.php?rest_route=%2Fwp%2Fv2%2Ftags&post=28"}],"curies":[{"name":"wp","href":"https:\/\/api.w.org\/{rel}","templated":true}]}}