{"id":3087,"date":"2014-06-12T22:50:32","date_gmt":"2014-06-12T20:50:32","guid":{"rendered":"http:\/\/paulineferrandprevot.com\/?p=3087"},"modified":"2014-06-12T23:02:32","modified_gmt":"2014-06-12T21:02:32","slug":"emakumeen-euskal-bira-la-premiere-etape-est-pour-pauline","status":"publish","type":"post","link":"https:\/\/paulineferrandprevot.com\/?p=3087","title":{"rendered":"Emakumeen Euskal Bira : La premi\u00e8re \u00e9tape est pour Pauline !"},"content":{"rendered":"<p><a href=\"http:\/\/paulineferrandprevot.com\/wp-content\/uploads\/2014\/06\/10406463_10152101992896507_4662286613898646980_n.jpg\"><img decoding=\"async\" loading=\"lazy\" class=\"alignleft size-medium wp-image-3091\" alt=\"10406463_10152101992896507_4662286613898646980_n\" src=\"http:\/\/paulineferrandprevot.com\/wp-content\/uploads\/2014\/06\/10406463_10152101992896507_4662286613898646980_n-300x200.jpg\" width=\"300\" height=\"200\" srcset=\"https:\/\/paulineferrandprevot.com\/wp-content\/uploads\/2014\/06\/10406463_10152101992896507_4662286613898646980_n-300x200.jpg 300w, https:\/\/paulineferrandprevot.com\/wp-content\/uploads\/2014\/06\/10406463_10152101992896507_4662286613898646980_n-359x239.jpg 359w, https:\/\/paulineferrandprevot.com\/wp-content\/uploads\/2014\/06\/10406463_10152101992896507_4662286613898646980_n.jpg 525w\" sizes=\"(max-width: 300px) 100vw, 300px\" \/><\/a>Apr\u00e8s un mois couronn\u00e9 de succ\u00e8s en VTT <strong>(deux victoires en coupe du monde et un titre de championne d&#8217;Europe),<\/strong> Pauline a retrouv\u00e9 aujourd&#8217;hui \u00a0les routes\u00a0Pays basque. En effet, l&#8217;\u00e9quipe Rabo-Liv Women Cycling Team \u00e9tait au d\u00e9part de <em><strong>l&#8217;Emakumeen Euskal Bira<\/strong> <\/em>en Espagne, course disput\u00e9e sur 4 \u00e9tapes, remport\u00e9e l&#8217;an dernier par Emma Johansson.<\/p>\n<p>Si l&#8217;an dernier, la pluie \u00e9tait au rendez-vous, cette premi\u00e8re \u00e9tape, longue de 88 kilom\u00e8tres (Iurreta-Iurreta), c&#8217;est d\u00e9roul\u00e9e sous le soleil.<\/p>\n<p>Une journ\u00e9e mouvement\u00e9e, ponctu\u00e9e par de nombreuses attaques, mais il faut attendre le km 76 pour que Pauline et ses co\u00e9quipi\u00e8res Marianne Vos et\u00a0 Anna Van Der Breggen faussent compagnie au peloton. Le trio de t\u00eate s&#8217;entend \u00e0 merveille et c&#8217;est avec 1 minute d&#8217;avance qu&#8217;elles se pr\u00e9sentent sur la ligne d&#8217;arriv\u00e9e. Pauline remporte le sprint et s&#8217;offre la premi\u00e8re \u00e9tape, endossant ainsi le maillot jaune de Leader.<\/p>\n<p>Un grand coup pour les Rabo-Liv Women Cycling Team qui placent 4 concurrentes dans les 5 premi\u00e8res de l&#8217;\u00e9tape, et prennent ainsi la t\u00eate du classement par \u00e9quipe.<\/p>\n<p>Demain, la seconde \u00e9tape emm\u00e8nera le peloton \u00e0 Onati pour une \u00e9tape de 114 kms.<\/p>\n<p>&nbsp;<\/p>\n<p><span style=\"color: #800080;\"><span style=\"text-decoration: underline;\"><strong>Classement de la premi\u00e8re \u00e9tape et classement g\u00e9n\u00e9ral<\/strong><\/span> :<\/span><\/p>\n<p><strong>1 &#8211; Pauline Ferrand-Prevot &#8211; Rabo-Liv women cycling team (maillot jaune de leader)<\/strong><a href=\"http:\/\/paulineferrandprevot.com\/wp-content\/uploads\/2014\/06\/10364031_1431344047130552_9087027057154170021_n.jpg\"><img decoding=\"async\" loading=\"lazy\" class=\"alignright size-medium wp-image-3089\" alt=\"10364031_1431344047130552_9087027057154170021_n\" src=\"http:\/\/paulineferrandprevot.com\/wp-content\/uploads\/2014\/06\/10364031_1431344047130552_9087027057154170021_n-300x200.jpg\" width=\"300\" height=\"200\" srcset=\"https:\/\/paulineferrandprevot.com\/wp-content\/uploads\/2014\/06\/10364031_1431344047130552_9087027057154170021_n-300x200.jpg 300w, https:\/\/paulineferrandprevot.com\/wp-content\/uploads\/2014\/06\/10364031_1431344047130552_9087027057154170021_n.jpg 525w\" sizes=\"(max-width: 300px) 100vw, 300px\" \/><\/a><\/p>\n<p>2 &#8211; Anna Van Der Breggen &#8211; Rabo-Liv women cycling team (maillot de meilleur grimpeur)<\/p>\n<p>3 &#8211; Marianne Vos &#8211; Rabo-Liv women cycling team<\/p>\n<p>4 &#8211; Elizabeth Armitstead &#8211; Boels Dolmans cycling team<\/p>\n<p>5 &#8211; Annemiek Van Vleuten &#8211; Rabo-Liv women cycling team<\/p>\n<p>6 &#8211; Rosella Ratto &#8211; Estado de Mexico &#8211; Faren Kuota<\/p>\n<p>7 &#8211; Claudia Hausler &#8211; Team Giant Shimano<\/p>\n<p>8 &#8211; Ashleigh Moolman &#8211; Hitec Products<\/p>\n<p>9 &#8211; Fabiana Luperini &#8211; Estado de Mexico &#8211; Faren Kuota<\/p>\n<p>10 &#8211; Megan Guarnier &#8211; Boels Dolmans cycling team<\/p>\n<p>&nbsp;<\/p>\n<p>&nbsp;<\/p>\n<p>&nbsp;<\/p>\n<p><a href=\"http:\/\/paulineferrandprevot.com\/wp-content\/uploads\/2014\/06\/10390264_544241952348903_8926318125984198436_n.jpg\"><img decoding=\"async\" loading=\"lazy\" class=\"alignleft size-medium wp-image-3090\" alt=\"10390264_544241952348903_8926318125984198436_n\" src=\"http:\/\/paulineferrandprevot.com\/wp-content\/uploads\/2014\/06\/10390264_544241952348903_8926318125984198436_n-300x200.jpg\" width=\"300\" height=\"200\" srcset=\"https:\/\/paulineferrandprevot.com\/wp-content\/uploads\/2014\/06\/10390264_544241952348903_8926318125984198436_n-300x200.jpg 300w, https:\/\/paulineferrandprevot.com\/wp-content\/uploads\/2014\/06\/10390264_544241952348903_8926318125984198436_n.jpg 525w\" sizes=\"(max-width: 300px) 100vw, 300px\" \/><\/a><\/p>\n<p>&nbsp;<\/p>\n<p>&nbsp;<\/p>\n<p>&nbsp;<\/p>\n<p>&nbsp;<\/p>\n<p>&nbsp;<\/p>\n<p>&nbsp;<\/p>\n<p style=\"text-align: center;\"><em>\u00a0Merci \u00e0 Anton VOS pour les photos<\/em><\/p>\n<p>&nbsp;<\/p>\n<h4 style=\"text-align: center;\"><span style=\"color: #0000ff;\"><strong>N&#8217;h\u00e9sitez pas \u00e0 visiter les diff\u00e9rentes rubriques du site de Pauline (Palmar\u00e8s, calendrier&#8230;) <\/strong><\/span><\/h4>\n<p>&nbsp;<\/p>\n","protected":false},"excerpt":{"rendered":"<p>Apr\u00e8s un mois couronn\u00e9 de succ\u00e8s en VTT (deux victoires en coupe du monde et un titre de championne d&#8217;Europe), Pauline a retrouv\u00e9 aujourd&#8217;hui \u00a0les &hellip;<\/p>\n","protected":false},"author":3,"featured_media":3091,"comment_status":"open","ping_status":"open","sticky":true,"template":"","format":"standard","meta":{"ngg_post_thumbnail":0},"categories":[1],"tags":[],"_links":{"self":[{"href":"https:\/\/paulineferrandprevot.com\/index.php?rest_route=\/wp\/v2\/posts\/3087"}],"collection":[{"href":"https:\/\/paulineferrandprevot.com\/index.php?rest_route=\/wp\/v2\/posts"}],"about":[{"href":"https:\/\/paulineferrandprevot.com\/index.php?rest_route=\/wp\/v2\/types\/post"}],"author":[{"embeddable":true,"href":"https:\/\/paulineferrandprevot.com\/index.php?rest_route=\/wp\/v2\/users\/3"}],"replies":[{"embeddable":true,"href":"https:\/\/paulineferrandprevot.com\/index.php?rest_route=%2Fwp%2Fv2%2Fcomments&post=3087"}],"version-history":[{"count":0,"href":"https:\/\/paulineferrandprevot.com\/index.php?rest_route=\/wp\/v2\/posts\/3087\/revisions"}],"wp:featuredmedia":[{"embeddable":true,"href":"https:\/\/paulineferrandprevot.com\/index.php?rest_route=\/wp\/v2\/media\/3091"}],"wp:attachment":[{"href":"https:\/\/paulineferrandprevot.com\/index.php?rest_route=%2Fwp%2Fv2%2Fmedia&parent=3087"}],"wp:term":[{"taxonomy":"category","embeddable":true,"href":"https:\/\/paulineferrandprevot.com\/index.php?rest_route=%2Fwp%2Fv2%2Fcategories&post=3087"},{"taxonomy":"post_tag","embeddable":true,"href":"https:\/\/paulineferrandprevot.com\/index.php?rest_route=%2Fwp%2Fv2%2Ftags&post=3087"}],"curies":[{"name":"wp","href":"https:\/\/api.w.org\/{rel}","templated":true}]}}