{"id":3285,"date":"2014-07-05T18:28:29","date_gmt":"2014-07-05T16:28:29","guid":{"rendered":"http:\/\/paulineferrandprevot.com\/?p=3285"},"modified":"2014-07-06T11:56:43","modified_gmt":"2014-07-06T09:56:43","slug":"giro-rosa-1ere-etape-encore-un-top-3-pour-pauline","status":"publish","type":"post","link":"https:\/\/paulineferrandprevot.com\/?p=3285","title":{"rendered":"Giro Rosa &#8211; 1\u00e8re \u00e9tape : encore un top 3 pour Pauline !"},"content":{"rendered":"<p><a href=\"http:\/\/paulineferrandprevot.com\/wp-content\/uploads\/2014\/07\/1044100_797997480235194_4159697261504178106_n.jpg\"><img decoding=\"async\" loading=\"lazy\" class=\"alignleft size-medium wp-image-3294\" alt=\"1044100_797997480235194_4159697261504178106_n\" src=\"http:\/\/paulineferrandprevot.com\/wp-content\/uploads\/2014\/07\/1044100_797997480235194_4159697261504178106_n-300x199.jpg\" width=\"300\" height=\"199\" \/><\/a>Apr\u00e8s le prologue, remport\u00e9 hier soir par Annemiek Van Vleuten <em>(Rabo-liv Women Cycling Team),<\/em> les concurrentes du Giro Rosa avaient rendez-vous,\u00a0cette apr\u00e8s-midi,\u00a0avec la premi\u00e8re \u00e9tape, longue de 95 kms.<\/p>\n<p>Pauline portait, ce matin, le maillot de meilleure jeune et comptait bien le d\u00e9fendre aujourd&#8217;hui\u00a0sur les routes italiennes.<\/p>\n<p>Une \u00e9tape mouvement\u00e9e, ponctu\u00e9e par de nombreuses attaques et \u00e9chapp\u00e9es cons\u00e9cutives. Les <em>rabo-liv Women Cycling Team<\/em> toujours aux avant postes ont une fois de plus, tir\u00e9 leur \u00e9pingle du jeu. En effet, Marianne Vos remporte l&#8217;\u00e9tape, et de ce fait,\u00a0endosse le maillot rose de leader, quant \u00e0 Pauline elle se classe troisi\u00e8me de l&#8217;\u00e9tape. Elle conserve son maillot de meilleure jeune et pointe ce soir \u00e0 la deuxi\u00e8me place du classement g\u00e9n\u00e9ral, \u00e0 15 secondes de sa leader.<\/p>\n<p>Demain, la deuxi\u00e8me \u00e9tape m\u00e8nera le peloton \u00e0 Frattamagiore,\u00a0 pour une \u00e9tape longue de 120 kms. D\u00e9part \u00e0 12h30.<\/p>\n<p><span style=\"color: #800080;\"><strong><span style=\"text-decoration: underline;\">Classement de l&#8217;\u00e9tape<\/span> <\/strong><\/span>:<\/p>\n<p>1 &#8211; Marianne Vos &#8211; Rabo-Liv Women Cycling Team<\/p>\n<p>2 &#8211; Elisa Longo Borghini &#8211; Hitec Products<a href=\"http:\/\/paulineferrandprevot.com\/wp-content\/uploads\/2014\/07\/10400853_1513222855558380_8242017198453850365_n.jpg\"><img decoding=\"async\" loading=\"lazy\" class=\"alignright size-full wp-image-3288\" alt=\"10400853_1513222855558380_8242017198453850365_n\" src=\"http:\/\/paulineferrandprevot.com\/wp-content\/uploads\/2014\/07\/10400853_1513222855558380_8242017198453850365_n.jpg\" width=\"168\" height=\"224\" \/><\/a><\/p>\n<p><strong>3 &#8211; Pauline Ferrand-Prevot &#8211; Rabo-Liv Women Cycling Team<\/strong><\/p>\n<p>4 &#8211; Claudia Lichtenberg &#8211; Team Giant Shimano<\/p>\n<p>5 &#8211; Megan Garnier &#8211; Boels Dolmans Cycling Team<\/p>\n<p>6 &#8211; Anna Van Der Breggen &#8211; Rabo-Liv Women Cycling Team<\/p>\n<p>7 &#8211; Emma Johansson &#8211; Orica AIS<\/p>\n<p>8 &#8211; Ashleigh Moolman &#8211; Hitec Products<\/p>\n<p>9 &#8211; Mara Abbott &#8211; Unitedhealthcare pro cycling women team<\/p>\n<p>10 &#8211; Audrey Cordon &#8211; Hitec Products<\/p>\n<p>&nbsp;<\/p>\n<p><span style=\"color: #800080; text-decoration: underline;\"><strong>Classement g\u00e9n\u00e9ral<\/strong> <\/span>:<\/p>\n<p>1 &#8211; Marianne Vos &#8211; Rabo-Liv Women Cycling Team<\/p>\n<p><strong>2\u00a0&#8211; Pauline Ferrand-Prevot &#8211; Rabo-Liv Women Cycling Team \u00e0 15&#8221; <\/strong>(maillot de meilleure jeune)<\/p>\n<p>3 &#8211; Elisa Longo Borghini &#8211; Hitec Products \u00e0 23&#8221;<\/p>\n<p>4 &#8211; Anna Van Der Breggen &#8211; Rabo-Liv Women Cycling Team \u00e0 1&#8217;36&#8221;<\/p>\n<p>5 &#8211; Ashleigh Moolman &#8211; Hitec products \u00e0 1&#8217;42&#8221;<\/p>\n<p>6\u00a0&#8211; Emma Johansson &#8211; Orica AIS<\/p>\n<p>7\u00a0&#8211; Claudia Lichtenberg &#8211; Team Giant Shimano<\/p>\n<p>8 &#8211; Megan Guarnier &#8211; Boels Dolmans Cycling Team<\/p>\n<p>9 &#8211; Audrey Cordon &#8211; Hitec Products<a href=\"http:\/\/paulineferrandprevot.com\/wp-content\/uploads\/2014\/07\/10488235_744774195584418_8877366076006255180_n.jpg\"><img decoding=\"async\" loading=\"lazy\" class=\"alignright size-medium wp-image-3290\" alt=\"10488235_744774195584418_8877366076006255180_n\" src=\"http:\/\/paulineferrandprevot.com\/wp-content\/uploads\/2014\/07\/10488235_744774195584418_8877366076006255180_n-200x300.jpg\" width=\"200\" height=\"300\" srcset=\"https:\/\/paulineferrandprevot.com\/wp-content\/uploads\/2014\/07\/10488235_744774195584418_8877366076006255180_n-200x300.jpg 200w, https:\/\/paulineferrandprevot.com\/wp-content\/uploads\/2014\/07\/10488235_744774195584418_8877366076006255180_n.jpg 400w\" sizes=\"(max-width: 200px) 100vw, 200px\" \/><\/a><\/p>\n<p>10 &#8211; Annemiek Van Vleuten &#8211; Rabo-Liv Women Cycling Team<\/p>\n<p><a href=\"http:\/\/paulineferrandprevot.com\/wp-content\/uploads\/2014\/07\/10302051_797997500235192_6007790446664715881_n.jpg\"><img decoding=\"async\" loading=\"lazy\" class=\"alignleft size-medium wp-image-3295\" alt=\"10302051_797997500235192_6007790446664715881_n\" src=\"http:\/\/paulineferrandprevot.com\/wp-content\/uploads\/2014\/07\/10302051_797997500235192_6007790446664715881_n-300x199.jpg\" width=\"300\" height=\"199\" \/><\/a><\/p>\n<p>&nbsp;<\/p>\n<p>&nbsp;<\/p>\n<p>&nbsp;<\/p>\n<p>&nbsp;<\/p>\n<p>&nbsp;<\/p>\n<p>&nbsp;<\/p>\n<p>&nbsp;<\/p>\n<p>&nbsp;<\/p>\n<h3><span style=\"text-decoration: underline;\"><span style=\"color: #0000ff; text-decoration: underline;\"><strong>Petite vid\u00e9o \u00e0 d\u00e9couvrir<\/strong><\/span><\/span><span style=\"color: #0000ff;\"><strong> :<\/strong><\/span><\/h3>\n<p><a href=\"http:\/\/m.youtube.com\/watch?sns=fb&amp;v=8wPaWUojfbI\" target=\"_blank\" rel=\"nofollow\">http:\/\/m.youtube.com\/watch?sns=fb&amp;v=8wPaWUojfbI<\/a><label for=\"u_0_11\"><input id=\"u_0_11\" title=\"Supprimer\" type=\"button\" \/><\/label><\/p>\n<div data-reactid=\".2h.$mid=11404637489177=21aa4719f84a88aea85.2:0.0.0.1\">\n<div>\n<div>\n<div>\n<div><a role=\"button\" href=\"http:\/\/m.youtube.com\/watch?sns=fb&amp;v=8wPaWUojfbI\" target=\"_blank\" rel=\"ignore\">Giro Rosa 2014 1\u00b0 tappa: Santa Maria a Vico (CE) &#8211; Santa Maria a Vico (CE)<\/a><\/div>\n<\/div>\n<\/div>\n<\/div>\n<\/div>\n<p>&nbsp;<\/p>\n<p>&nbsp;<\/p>\n<p>&nbsp;<\/p>\n<p>&nbsp;<\/p>\n","protected":false},"excerpt":{"rendered":"<p>Apr\u00e8s le prologue, remport\u00e9 hier soir par Annemiek Van Vleuten (Rabo-liv Women Cycling Team), les concurrentes du Giro Rosa avaient rendez-vous,\u00a0cette apr\u00e8s-midi,\u00a0avec la premi\u00e8re \u00e9tape, &hellip;<\/p>\n","protected":false},"author":3,"featured_media":3295,"comment_status":"open","ping_status":"open","sticky":true,"template":"","format":"standard","meta":{"ngg_post_thumbnail":0},"categories":[1],"tags":[],"_links":{"self":[{"href":"https:\/\/paulineferrandprevot.com\/index.php?rest_route=\/wp\/v2\/posts\/3285"}],"collection":[{"href":"https:\/\/paulineferrandprevot.com\/index.php?rest_route=\/wp\/v2\/posts"}],"about":[{"href":"https:\/\/paulineferrandprevot.com\/index.php?rest_route=\/wp\/v2\/types\/post"}],"author":[{"embeddable":true,"href":"https:\/\/paulineferrandprevot.com\/index.php?rest_route=\/wp\/v2\/users\/3"}],"replies":[{"embeddable":true,"href":"https:\/\/paulineferrandprevot.com\/index.php?rest_route=%2Fwp%2Fv2%2Fcomments&post=3285"}],"version-history":[{"count":0,"href":"https:\/\/paulineferrandprevot.com\/index.php?rest_route=\/wp\/v2\/posts\/3285\/revisions"}],"wp:featuredmedia":[{"embeddable":true,"href":"https:\/\/paulineferrandprevot.com\/index.php?rest_route=\/wp\/v2\/media\/3295"}],"wp:attachment":[{"href":"https:\/\/paulineferrandprevot.com\/index.php?rest_route=%2Fwp%2Fv2%2Fmedia&parent=3285"}],"wp:term":[{"taxonomy":"category","embeddable":true,"href":"https:\/\/paulineferrandprevot.com\/index.php?rest_route=%2Fwp%2Fv2%2Fcategories&post=3285"},{"taxonomy":"post_tag","embeddable":true,"href":"https:\/\/paulineferrandprevot.com\/index.php?rest_route=%2Fwp%2Fv2%2Ftags&post=3285"}],"curies":[{"name":"wp","href":"https:\/\/api.w.org\/{rel}","templated":true}]}}