{"id":44,"date":"2012-03-07T10:11:22","date_gmt":"2012-03-07T09:11:22","guid":{"rendered":"http:\/\/paulineferrandprevot.com\/?p=44"},"modified":"2012-03-07T10:11:22","modified_gmt":"2012-03-07T09:11:22","slug":"changement-de-programme","status":"publish","type":"post","link":"https:\/\/paulineferrandprevot.com\/?p=44","title":{"rendered":"Changement de programme"},"content":{"rendered":"<p>Mon programme a chang\u00e9. Avant de participer samedi \u00e0 la premi\u00e8re manche de la Coupe du monde (Ronde Van Drenthe) et de prendre l\u2019avion dimanche pour l\u2019Afrique du Sud pour y disputer la premi\u00e8re manche de la Coupe du monde de VTT (17-18 mars), je participe demain \u00e0 la course de Drentse aux Pays-Bas.<\/p>\n<p><em>Mes \u00e9quipi\u00e8res sont Thalita De Jong, Lauren Kitchen, Roxane Knetemann, Iris Slappendel et Rebecca Talen. Mon r\u00f4le sera de les aider.<\/em><\/p>\n","protected":false},"excerpt":{"rendered":"<p>Mon programme a chang\u00e9. Avant de participer samedi \u00e0 la premi\u00e8re manche de la Coupe du monde (Ronde Van Drenthe) et de prendre l\u2019avion dimanche &hellip;<\/p>\n","protected":false},"author":2,"featured_media":0,"comment_status":"open","ping_status":"open","sticky":false,"template":"","format":"standard","meta":{"ngg_post_thumbnail":0},"categories":[1],"tags":[],"_links":{"self":[{"href":"https:\/\/paulineferrandprevot.com\/index.php?rest_route=\/wp\/v2\/posts\/44"}],"collection":[{"href":"https:\/\/paulineferrandprevot.com\/index.php?rest_route=\/wp\/v2\/posts"}],"about":[{"href":"https:\/\/paulineferrandprevot.com\/index.php?rest_route=\/wp\/v2\/types\/post"}],"author":[{"embeddable":true,"href":"https:\/\/paulineferrandprevot.com\/index.php?rest_route=\/wp\/v2\/users\/2"}],"replies":[{"embeddable":true,"href":"https:\/\/paulineferrandprevot.com\/index.php?rest_route=%2Fwp%2Fv2%2Fcomments&post=44"}],"version-history":[{"count":0,"href":"https:\/\/paulineferrandprevot.com\/index.php?rest_route=\/wp\/v2\/posts\/44\/revisions"}],"wp:attachment":[{"href":"https:\/\/paulineferrandprevot.com\/index.php?rest_route=%2Fwp%2Fv2%2Fmedia&parent=44"}],"wp:term":[{"taxonomy":"category","embeddable":true,"href":"https:\/\/paulineferrandprevot.com\/index.php?rest_route=%2Fwp%2Fv2%2Fcategories&post=44"},{"taxonomy":"post_tag","embeddable":true,"href":"https:\/\/paulineferrandprevot.com\/index.php?rest_route=%2Fwp%2Fv2%2Ftags&post=44"}],"curies":[{"name":"wp","href":"https:\/\/api.w.org\/{rel}","templated":true}]}}