{"id":46,"date":"2012-03-08T17:42:49","date_gmt":"2012-03-08T16:42:49","guid":{"rendered":"http:\/\/paulineferrandprevot.com\/?p=46"},"modified":"2012-03-09T08:08:19","modified_gmt":"2012-03-09T07:08:19","slug":"pauline-dans-le-peloton","status":"publish","type":"post","link":"https:\/\/paulineferrandprevot.com\/?p=46","title":{"rendered":"Pauline a rempli son contrat"},"content":{"rendered":"<p>Cet apr\u00e8s-midi, Pauline a respect\u00e9 les consignes de son directeur sportif \u00e0 la lettre lors de la course n\u00e9erlandaise Drentse 8 Van Dwingeloo, longue de 141,200 kilom\u00e8tres, en se mettant au service des ses \u00e9quipi\u00e8res.<\/p>\n<p>L\u2019Australienne Chloe Hosking (Specialized &#8211; Lululemon) s\u2019est impos\u00e9e au sprint devant l\u2019Italienne Giorgia Bronzini (Diadora &#8211; Pasta Zara) et la N\u00e9erlandaise Marianne Vos, leader de Pauline.<\/p>\n<p><strong>\u00a0La r\u00e9action de Pauline\u00a0:<\/strong>\u00a0\u00ab Je n\u2019\u00e9tais pas tr\u00e8s bien en raison d\u2019un gros refroidissement, mais j\u2019ai malgr\u00e9 tout assur\u00e9 mon r\u00f4le d\u2019\u00e9quipi\u00e8re. J\u2019ai pris froid dimanche sur le podium de la Omloop Het Hageland, o\u00f9 j\u2019ai termin\u00e9 deuxi\u00e8me. J\u2019ai aid\u00e9 mes \u00e9quipi\u00e8res le plus longtemps possible et ensuite j\u2019ai laiss\u00e9 filer sur la fin. Ce fut un bon entra\u00eenement.\u00a0 Samedi, la premi\u00e8re manche de la Coupe du monde sera beaucoup plus difficile \u00bb<\/p>\n<p><strong>Classement\u00a0:<\/strong> 1\u00e8re Hosking Chloe (Specialized &#8211; Lululemon) 3 h 41\u201915 ; 2e Bronzini Giorgia (Diadora) ; 3e Vos Marianne (Rabobank) ; 4e Baccaille Monia (MCipollini)\u00a0; 5e Johansson Emma (Hitec &#8211; Product)\u00a0; 6e Jeuland Pascale (Vienne Futuroscope)\u00a0; 7e Goss Belinda (Abus &#8211; Nutrixxion)\u00a0; 8e Borgato Giada (Diadora)\u00a0; 9e D\u00fcster Sarah (Rabobank)\u00a0; 10e Guarnier Megan (Tibco)\u00a0; 115e Ferrand-Pr\u00e9vot Pauline (Rabobank) \u00e0 5\u201919.<\/p>\n<p>Sylviane Dubau<\/p>\n<p>Les photos \u00a9 Anton VOS. Merci \u00e0 lui.<\/p>\n<!-- index.php -->\n<div\n\tclass=\"ngg-galleryoverview ngg-ajax-pagination-none\"\n\tid=\"ngg-gallery-a61ea56ea9918c6371a810258b94bdd8-1\">\n\n    \t<div class=\"slideshowlink\">\n        <a href='https:\/\/paulineferrandprevot.com\/index.php\/nggallery\/slideshow?p=46'>[Show as slideshow]<\/a>\n\t\t\n\t<\/div>\n\t\t\t<!-- Thumbnails -->\n\t\t\t\t<div id=\"ngg-image-0\" class=\"ngg-gallery-thumbnail-box\" >\n\t\t\t\t        <div class=\"ngg-gallery-thumbnail\">\n            <a href=\"https:\/\/paulineferrandprevot.com\/wp-content\/gallery\/drentse\/vos0056.jpg\"\n               title=\"\"\n               data-src=\"https:\/\/paulineferrandprevot.com\/wp-content\/gallery\/drentse\/vos0056.jpg\"\n               data-thumbnail=\"https:\/\/paulineferrandprevot.com\/wp-content\/gallery\/drentse\/thumbs\/thumbs_vos0056.jpg\"\n               data-image-id=\"25\"\n               data-title=\"vos0056\"\n               data-description=\"\"\n               data-image-slug=\"vos0056\"\n               class=\"shutterset_a61ea56ea9918c6371a810258b94bdd8\">\n                <img\n                    title=\"vos0056\"\n                    alt=\"vos0056\"\n                    src=\"https:\/\/paulineferrandprevot.com\/wp-content\/gallery\/drentse\/thumbs\/thumbs_vos0056.jpg\"\n                    width=\"100\"\n                    height=\"75\"\n                    style=\"max-width:100%;\"\n                \/>\n            <\/a>\n        <\/div>\n\t\t\t\t\t\t\t<\/div> \n\t\t\t\n        \n\t\t\t\t<div id=\"ngg-image-1\" class=\"ngg-gallery-thumbnail-box\" >\n\t\t\t\t        <div class=\"ngg-gallery-thumbnail\">\n            <a href=\"https:\/\/paulineferrandprevot.com\/wp-content\/gallery\/drentse\/vos0502-1.jpg\"\n               title=\"\"\n               data-src=\"https:\/\/paulineferrandprevot.com\/wp-content\/gallery\/drentse\/vos0502-1.jpg\"\n               data-thumbnail=\"https:\/\/paulineferrandprevot.com\/wp-content\/gallery\/drentse\/thumbs\/thumbs_vos0502-1.jpg\"\n               data-image-id=\"26\"\n               data-title=\"vos0502-1\"\n               data-description=\"\"\n               data-image-slug=\"vos0502-1\"\n               class=\"shutterset_a61ea56ea9918c6371a810258b94bdd8\">\n                <img\n                    title=\"vos0502-1\"\n                    alt=\"vos0502-1\"\n                    src=\"https:\/\/paulineferrandprevot.com\/wp-content\/gallery\/drentse\/thumbs\/thumbs_vos0502-1.jpg\"\n                    width=\"100\"\n                    height=\"75\"\n                    style=\"max-width:100%;\"\n                \/>\n            <\/a>\n        <\/div>\n\t\t\t\t\t\t\t<\/div> \n\t\t\t\n        \n\t\t\t\t<div id=\"ngg-image-2\" class=\"ngg-gallery-thumbnail-box\" >\n\t\t\t\t        <div class=\"ngg-gallery-thumbnail\">\n            <a href=\"https:\/\/paulineferrandprevot.com\/wp-content\/gallery\/drentse\/vos0579.jpg\"\n               title=\"\"\n               data-src=\"https:\/\/paulineferrandprevot.com\/wp-content\/gallery\/drentse\/vos0579.jpg\"\n               data-thumbnail=\"https:\/\/paulineferrandprevot.com\/wp-content\/gallery\/drentse\/thumbs\/thumbs_vos0579.jpg\"\n               data-image-id=\"27\"\n               data-title=\"vos0579\"\n               data-description=\"\"\n               data-image-slug=\"vos0579\"\n               class=\"shutterset_a61ea56ea9918c6371a810258b94bdd8\">\n                <img\n                    title=\"vos0579\"\n                    alt=\"vos0579\"\n                    src=\"https:\/\/paulineferrandprevot.com\/wp-content\/gallery\/drentse\/thumbs\/thumbs_vos0579.jpg\"\n                    width=\"100\"\n                    height=\"75\"\n                    style=\"max-width:100%;\"\n                \/>\n            <\/a>\n        <\/div>\n\t\t\t\t\t\t\t<\/div> \n\t\t\t\n        \n\t\t\n\t\t<!-- Pagination -->\n\t<div class='ngg-clear'><\/div>\t<\/div>\n\n","protected":false},"excerpt":{"rendered":"<p>Cet apr\u00e8s-midi, Pauline a respect\u00e9 les consignes de son directeur sportif \u00e0 la lettre lors de la course n\u00e9erlandaise Drentse 8 Van Dwingeloo, longue de &hellip;<\/p>\n","protected":false},"author":2,"featured_media":0,"comment_status":"open","ping_status":"open","sticky":false,"template":"","format":"standard","meta":{"ngg_post_thumbnail":0},"categories":[1],"tags":[],"_links":{"self":[{"href":"https:\/\/paulineferrandprevot.com\/index.php?rest_route=\/wp\/v2\/posts\/46"}],"collection":[{"href":"https:\/\/paulineferrandprevot.com\/index.php?rest_route=\/wp\/v2\/posts"}],"about":[{"href":"https:\/\/paulineferrandprevot.com\/index.php?rest_route=\/wp\/v2\/types\/post"}],"author":[{"embeddable":true,"href":"https:\/\/paulineferrandprevot.com\/index.php?rest_route=\/wp\/v2\/users\/2"}],"replies":[{"embeddable":true,"href":"https:\/\/paulineferrandprevot.com\/index.php?rest_route=%2Fwp%2Fv2%2Fcomments&post=46"}],"version-history":[{"count":0,"href":"https:\/\/paulineferrandprevot.com\/index.php?rest_route=\/wp\/v2\/posts\/46\/revisions"}],"wp:attachment":[{"href":"https:\/\/paulineferrandprevot.com\/index.php?rest_route=%2Fwp%2Fv2%2Fmedia&parent=46"}],"wp:term":[{"taxonomy":"category","embeddable":true,"href":"https:\/\/paulineferrandprevot.com\/index.php?rest_route=%2Fwp%2Fv2%2Fcategories&post=46"},{"taxonomy":"post_tag","embeddable":true,"href":"https:\/\/paulineferrandprevot.com\/index.php?rest_route=%2Fwp%2Fv2%2Ftags&post=46"}],"curies":[{"name":"wp","href":"https:\/\/api.w.org\/{rel}","templated":true}]}}