{"id":4998,"date":"2015-07-10T22:54:24","date_gmt":"2015-07-10T20:54:24","guid":{"rendered":"http:\/\/paulineferrandprevot.com\/?p=4998"},"modified":"2015-07-10T23:02:19","modified_gmt":"2015-07-10T21:02:19","slug":"giro-rosa-7eme-etape-arenzano-loano","status":"publish","type":"post","link":"https:\/\/paulineferrandprevot.com\/?p=4998","title":{"rendered":"Giro Rosa &#8211; 7\u00e8me \u00e9tape : Arenzano-Loano"},"content":{"rendered":"<p><a href=\"http:\/\/paulineferrandprevot.com\/wp-content\/uploads\/2015\/07\/IMG_2153.jpg\"><img decoding=\"async\" loading=\"lazy\" class=\"aligncenter size-medium wp-image-5007\" src=\"http:\/\/paulineferrandprevot.com\/wp-content\/uploads\/2015\/07\/IMG_2153-300x200.jpg\" alt=\"IMG_2153\" width=\"300\" height=\"200\" srcset=\"https:\/\/paulineferrandprevot.com\/wp-content\/uploads\/2015\/07\/IMG_2153-300x200.jpg 300w, https:\/\/paulineferrandprevot.com\/wp-content\/uploads\/2015\/07\/IMG_2153-1024x683.jpg 1024w, https:\/\/paulineferrandprevot.com\/wp-content\/uploads\/2015\/07\/IMG_2153-600x400.jpg 600w\" sizes=\"(max-width: 300px) 100vw, 300px\" \/><\/a>A la veille d&#8217;un contre-la-montre individuel de 21 kms, les coureuses du Giro Rosa avaient, aujourd&#8217;hui, plus de 90 kms \u00e0 parcourir, sous un soleil de plomb, agr\u00e9ment\u00e9 de 3 grosses difficult\u00e9s.<\/p>\n<p style=\"text-align: justify;\">L&#8217;\u00e9chapp\u00e9e de la journ\u00e9e est une \u00e9chapp\u00e9e solitaire de Lucinda Brand <em>(Rabo Liv Women Cycling Team)<\/em> qui fausse compagnie au peloton lors de la premi\u00e8re descente. Elle ne sera plus rejointe, comptant jusqu&#8217;\u00e0 3 minutes d&#8217;avance.<\/p>\n<p style=\"text-align: justify;\">Derri\u00e8re, les principales favorites s&#8217;attaquent. Avant l&#8217;ultime ascension, c&#8217;est un groupe de 35 filles qui se pr\u00e9sente, parmis lesquelles Pauline est toujours bien plac\u00e9e.<\/p>\n<p style=\"text-align: justify;\">Lors de cette derni\u00e8re difficult\u00e9, quatres filles partent en contre en compagnie du maillot rose. Anna Van Der Breggen, Katarzyna Niewiadoma (pourtant victime d&#8217;une chute en d\u00e9but d&#8217;\u00e9tape), Ashleigh Moolman et Mara Abbott. Mais Lucinda Brand resiste et s&#8217;offre sa deuxi\u00e8me victoire d&#8217;\u00e9tape sur ce Giro Rosa 2015.<\/p>\n<p style=\"text-align: justify;\">Pauline termine \u00e0 une belle 8\u00e8me place et gagne une place suppl\u00e9mentaire au classement g\u00e9n\u00e9ral.<\/p>\n<p style=\"text-align: justify;\"><a href=\"http:\/\/paulineferrandprevot.com\/wp-content\/uploads\/2015\/07\/IMG_2257.jpg\"><img decoding=\"async\" loading=\"lazy\" class=\"aligncenter size-medium wp-image-5008\" src=\"http:\/\/paulineferrandprevot.com\/wp-content\/uploads\/2015\/07\/IMG_2257-300x200.jpg\" alt=\"IMG_2257\" width=\"300\" height=\"200\" srcset=\"https:\/\/paulineferrandprevot.com\/wp-content\/uploads\/2015\/07\/IMG_2257-300x200.jpg 300w, https:\/\/paulineferrandprevot.com\/wp-content\/uploads\/2015\/07\/IMG_2257-1024x683.jpg 1024w, https:\/\/paulineferrandprevot.com\/wp-content\/uploads\/2015\/07\/IMG_2257-600x400.jpg 600w, https:\/\/paulineferrandprevot.com\/wp-content\/uploads\/2015\/07\/IMG_2257-359x239.jpg 359w\" sizes=\"(max-width: 300px) 100vw, 300px\" \/><\/a><\/p>\n<p><strong><span style=\"color: #800080;\"><span style=\"text-decoration: underline;\">Classement g\u00e9n\u00e9ral provisoire \u00e0 l&#8217;issue de la 7\u00e8me \u00e9tape<\/span> :<\/span><\/strong><\/p>\n<p>1 &#8211; Megan Guarnier &#8211; Boel Dolmans<\/p>\n<p>2 &#8211; Ashleigh Moolman &#8211; Bigla Pro cycling Team<\/p>\n<p>3 &#8211; Anna Van der Breggen &#8211; Rabo Liv Women Cycling Team<\/p>\n<p>4 &#8211; Elisa Longo Borghini &#8211; Wiggle Honda<\/p>\n<p>5\u00a0 &#8211; Katarzyna Niewiadoma &#8211; Rabo Liv Women Cycling Team<\/p>\n<p>6 &#8211; Mara Abbott &#8211; Wigggle Honda<\/p>\n<p>7 &#8211; Evelyn Stevens &#8211; Boels Dolmans<\/p>\n<p><strong>8 &#8211; Pauline Ferrand Prevot &#8211; Rabo Liv Women Cycling Team<\/strong><\/p>\n<p>9 &#8211; Roxane Knetemann &#8211; Rabo Liv Women Cycling Team<\/p>\n<p>10 &#8211; Shara Gillow &#8211; Rabo Bank Women Cycling Team<\/p>\n<p><a href=\"http:\/\/paulineferrandprevot.com\/wp-content\/uploads\/2015\/07\/IMG_2136-e1436562039438.jpg\"><img decoding=\"async\" loading=\"lazy\" class=\"aligncenter size-medium wp-image-5006\" src=\"http:\/\/paulineferrandprevot.com\/wp-content\/uploads\/2015\/07\/IMG_2136-e1436562039438-200x300.jpg\" alt=\"IMG_2136\" width=\"200\" height=\"300\" srcset=\"https:\/\/paulineferrandprevot.com\/wp-content\/uploads\/2015\/07\/IMG_2136-e1436562039438-200x300.jpg 200w, https:\/\/paulineferrandprevot.com\/wp-content\/uploads\/2015\/07\/IMG_2136-e1436562039438-683x1024.jpg 683w, https:\/\/paulineferrandprevot.com\/wp-content\/uploads\/2015\/07\/IMG_2136-e1436562039438-400x600.jpg 400w, https:\/\/paulineferrandprevot.com\/wp-content\/uploads\/2015\/07\/IMG_2136-e1436562039438-600x900.jpg 600w, https:\/\/paulineferrandprevot.com\/wp-content\/uploads\/2015\/07\/IMG_2136-e1436562039438-133x200.jpg 133w\" sizes=\"(max-width: 200px) 100vw, 200px\" \/><\/a><\/p>\n<p>&nbsp;<\/p>\n","protected":false},"excerpt":{"rendered":"<p>A la veille d&#8217;un contre-la-montre individuel de 21 kms, les coureuses du Giro Rosa avaient, aujourd&#8217;hui, plus de 90 kms \u00e0 parcourir, sous un soleil &hellip;<\/p>\n","protected":false},"author":3,"featured_media":5008,"comment_status":"closed","ping_status":"open","sticky":true,"template":"","format":"standard","meta":{"ngg_post_thumbnail":0},"categories":[1],"tags":[],"_links":{"self":[{"href":"https:\/\/paulineferrandprevot.com\/index.php?rest_route=\/wp\/v2\/posts\/4998"}],"collection":[{"href":"https:\/\/paulineferrandprevot.com\/index.php?rest_route=\/wp\/v2\/posts"}],"about":[{"href":"https:\/\/paulineferrandprevot.com\/index.php?rest_route=\/wp\/v2\/types\/post"}],"author":[{"embeddable":true,"href":"https:\/\/paulineferrandprevot.com\/index.php?rest_route=\/wp\/v2\/users\/3"}],"replies":[{"embeddable":true,"href":"https:\/\/paulineferrandprevot.com\/index.php?rest_route=%2Fwp%2Fv2%2Fcomments&post=4998"}],"version-history":[{"count":9,"href":"https:\/\/paulineferrandprevot.com\/index.php?rest_route=\/wp\/v2\/posts\/4998\/revisions"}],"predecessor-version":[{"id":5010,"href":"https:\/\/paulineferrandprevot.com\/index.php?rest_route=\/wp\/v2\/posts\/4998\/revisions\/5010"}],"wp:featuredmedia":[{"embeddable":true,"href":"https:\/\/paulineferrandprevot.com\/index.php?rest_route=\/wp\/v2\/media\/5008"}],"wp:attachment":[{"href":"https:\/\/paulineferrandprevot.com\/index.php?rest_route=%2Fwp%2Fv2%2Fmedia&parent=4998"}],"wp:term":[{"taxonomy":"category","embeddable":true,"href":"https:\/\/paulineferrandprevot.com\/index.php?rest_route=%2Fwp%2Fv2%2Fcategories&post=4998"},{"taxonomy":"post_tag","embeddable":true,"href":"https:\/\/paulineferrandprevot.com\/index.php?rest_route=%2Fwp%2Fv2%2Ftags&post=4998"}],"curies":[{"name":"wp","href":"https:\/\/api.w.org\/{rel}","templated":true}]}}