{"id":5026,"date":"2015-07-12T22:37:09","date_gmt":"2015-07-12T20:37:09","guid":{"rendered":"http:\/\/paulineferrandprevot.com\/?p=5026"},"modified":"2015-07-16T21:22:21","modified_gmt":"2015-07-16T19:22:21","slug":"giro-rosa-9eme-etape-verbania-san-domenico","status":"publish","type":"post","link":"https:\/\/paulineferrandprevot.com\/?p=5026","title":{"rendered":"Giro Rosa &#8211; 9\u00e8me \u00e9tape : Verbania &#8211; San Domenico"},"content":{"rendered":"<p style=\"text-align: justify;\"><a href=\"http:\/\/paulineferrandprevot.com\/wp-content\/uploads\/2015\/07\/IMG_2353.jpg\"><img decoding=\"async\" loading=\"lazy\" class=\"aligncenter size-medium wp-image-5036\" src=\"http:\/\/paulineferrandprevot.com\/wp-content\/uploads\/2015\/07\/IMG_2353-300x200.jpg\" alt=\"IMG_2353\" width=\"300\" height=\"200\" srcset=\"https:\/\/paulineferrandprevot.com\/wp-content\/uploads\/2015\/07\/IMG_2353-300x200.jpg 300w, https:\/\/paulineferrandprevot.com\/wp-content\/uploads\/2015\/07\/IMG_2353-1024x683.jpg 1024w, https:\/\/paulineferrandprevot.com\/wp-content\/uploads\/2015\/07\/IMG_2353-600x400.jpg 600w, https:\/\/paulineferrandprevot.com\/wp-content\/uploads\/2015\/07\/IMG_2353-359x239.jpg 359w\" sizes=\"(max-width: 300px) 100vw, 300px\" \/><\/a><\/p>\n<p style=\"text-align: justify;\">Le tour d&#8217;Italie f\u00e9minin se terminait aujourd&#8217;hui avec une \u00e9tape longue de 93 km entre Verbania et San Domenico.<\/p>\n<p style=\"text-align: justify;\">Un seul objectif pour Pauline et ses co\u00e9quipi\u00e8res : prot\u00e9ger et conserver le maillot rose d&#8217;Anna Van Der Breggen. Objectif atteint !<\/p>\n<p style=\"text-align: justify;\">Enormement d&#8217;attaques aujourd&#8217;hui dans cette ultime \u00e9tape, mais il faut attendra le km 68 pour voir une \u00e9chapp\u00e9e se former et perdurer. Toutes les favorites ou presques sont pr\u00e9sente \u00e0 l&#8217;avant. Pauline et ses coequipi\u00e8res font un travail enorme pour prot\u00e9ger Anna Van Der Breggen.<\/p>\n<p style=\"text-align: justify;\">Dans l&#8217;ultime ascension, longue de plus 10 kms, Anna Van Der Breggen quitte ses co\u00e9quipi\u00e8res d&#8217;\u00e9chapp\u00e9e en compagnie de Mara Abbott et de Flavia Oliveira.<\/p>\n<p style=\"text-align: justify;\"><a href=\"http:\/\/paulineferrandprevot.com\/wp-content\/uploads\/2015\/07\/IMG_2356.jpg\"><img decoding=\"async\" loading=\"lazy\" class=\"aligncenter size-medium wp-image-5033\" src=\"http:\/\/paulineferrandprevot.com\/wp-content\/uploads\/2015\/07\/IMG_2356-300x200.jpg\" alt=\"IMG_2356\" width=\"300\" height=\"200\" srcset=\"https:\/\/paulineferrandprevot.com\/wp-content\/uploads\/2015\/07\/IMG_2356-300x200.jpg 300w, https:\/\/paulineferrandprevot.com\/wp-content\/uploads\/2015\/07\/IMG_2356-1024x683.jpg 1024w, https:\/\/paulineferrandprevot.com\/wp-content\/uploads\/2015\/07\/IMG_2356-600x400.jpg 600w\" sizes=\"(max-width: 300px) 100vw, 300px\" \/><\/a><\/p>\n<p style=\"text-align: justify;\">Derri\u00e8re, Pauline et ses coequipi\u00e8res g\u00e8re la montt\u00e9e de la plus belle des mani\u00e8res, emp\u00eachant tout retour sur les fuyardes.<\/p>\n<p style=\"text-align: justify;\">Anna Van Der Breggen termine \u00e0 la deuxi\u00e8me place de l&#8217;\u00e9tape et remporte l&#8217;\u00e9dition 2015. Pauline termine \u00e0 la 8\u00e8me place de l&#8217;\u00e9tape et \u00e0 une tr\u00e8s belle 6\u00e8me place au classement g\u00e9n\u00e9ral.<\/p>\n<p style=\"text-align: justify;\">Un bilan plus que positif sur ce Giro 2015, tr\u00e8s prometteur pour la suite de la saison.<\/p>\n<p style=\"text-align: justify;\">Maintenant, un peu de repos en famille pour Pauline avant de prendre le d\u00e9part des championnats de France de VTT \u00e0 Oz-en-Oisans.<\/p>\n<p style=\"text-align: justify;\"><a href=\"http:\/\/paulineferrandprevot.com\/wp-content\/uploads\/2015\/07\/IMG_2376.jpg\"><img decoding=\"async\" loading=\"lazy\" class=\"aligncenter size-medium wp-image-5034\" src=\"http:\/\/paulineferrandprevot.com\/wp-content\/uploads\/2015\/07\/IMG_2376-300x200.jpg\" alt=\"IMG_2376\" width=\"300\" height=\"200\" srcset=\"https:\/\/paulineferrandprevot.com\/wp-content\/uploads\/2015\/07\/IMG_2376-300x200.jpg 300w, https:\/\/paulineferrandprevot.com\/wp-content\/uploads\/2015\/07\/IMG_2376-1024x683.jpg 1024w, https:\/\/paulineferrandprevot.com\/wp-content\/uploads\/2015\/07\/IMG_2376-600x400.jpg 600w\" sizes=\"(max-width: 300px) 100vw, 300px\" \/><\/a><\/p>\n<p><strong><span style=\"color: #800080;\"><span style=\"text-decoration: underline;\">Classement g\u00e9n\u00e9ral final<\/span> :<\/span><\/strong><\/p>\n<p>1 &#8211; Anna Van Der Breggen &#8211; Rabo Liv Women Cycling Team<\/p>\n<p>2 &#8211; Mara Abbott &#8211; Wiggle Honda<\/p>\n<p>3 &#8211; Megan Guarnier &#8211; Boels Dolmans<\/p>\n<p>4 &#8211; Ashleigh Moolman &#8211; Bigla Pro Cycling Team<\/p>\n<p>5 &#8211; Katarzyna Niewendoma &#8211; Rabo Liv Women Cycling Team<\/p>\n<p><strong>6 &#8211; Pauline Ferrand Prevot &#8211; Rabo Liv Women Cycling Team<\/strong><\/p>\n<p>7 &#8211; Flavia Oliveira &#8211;\u00a0 \u00c0 le Cipollini<\/p>\n<p>8 &#8211; Elisa Longo Borghini &#8211; Wiggle Honda<\/p>\n<p>9 &#8211; Evelyn Stevens &#8211; Boels Dolmans<\/p>\n<p>10 &#8211; Shara Gillow &#8211; Rabo Liv Women Cycling Team<\/p>\n<p style=\"text-align: justify;\"><em><strong>\u00a0Une grosse pens\u00e9e pour Roxane Knetemann, victime d&#8217;une chute dans cette derni\u00e8re \u00e9tape. Un bon r\u00e9tablissement \u00e0 elle !<\/strong><\/em><\/p>\n<p>&nbsp;<\/p>\n<p><a href=\"http:\/\/paulineferrandprevot.com\/wp-content\/uploads\/2015\/07\/IMG_2373.jpg\"><img decoding=\"async\" loading=\"lazy\" class=\"aligncenter size-medium wp-image-5035\" src=\"http:\/\/paulineferrandprevot.com\/wp-content\/uploads\/2015\/07\/IMG_2373-300x200.jpg\" alt=\"IMG_2373\" width=\"300\" height=\"200\" srcset=\"https:\/\/paulineferrandprevot.com\/wp-content\/uploads\/2015\/07\/IMG_2373-300x200.jpg 300w, https:\/\/paulineferrandprevot.com\/wp-content\/uploads\/2015\/07\/IMG_2373-1024x683.jpg 1024w, https:\/\/paulineferrandprevot.com\/wp-content\/uploads\/2015\/07\/IMG_2373-600x400.jpg 600w\" sizes=\"(max-width: 300px) 100vw, 300px\" \/><\/a><\/p>\n","protected":false},"excerpt":{"rendered":"<p>Le tour d&#8217;Italie f\u00e9minin se terminait aujourd&#8217;hui avec une \u00e9tape longue de 93 km entre Verbania et San Domenico. Un seul objectif pour Pauline et &hellip;<\/p>\n","protected":false},"author":3,"featured_media":5036,"comment_status":"closed","ping_status":"open","sticky":true,"template":"","format":"standard","meta":{"ngg_post_thumbnail":0},"categories":[1],"tags":[],"_links":{"self":[{"href":"https:\/\/paulineferrandprevot.com\/index.php?rest_route=\/wp\/v2\/posts\/5026"}],"collection":[{"href":"https:\/\/paulineferrandprevot.com\/index.php?rest_route=\/wp\/v2\/posts"}],"about":[{"href":"https:\/\/paulineferrandprevot.com\/index.php?rest_route=\/wp\/v2\/types\/post"}],"author":[{"embeddable":true,"href":"https:\/\/paulineferrandprevot.com\/index.php?rest_route=\/wp\/v2\/users\/3"}],"replies":[{"embeddable":true,"href":"https:\/\/paulineferrandprevot.com\/index.php?rest_route=%2Fwp%2Fv2%2Fcomments&post=5026"}],"version-history":[{"count":11,"href":"https:\/\/paulineferrandprevot.com\/index.php?rest_route=\/wp\/v2\/posts\/5026\/revisions"}],"predecessor-version":[{"id":5042,"href":"https:\/\/paulineferrandprevot.com\/index.php?rest_route=\/wp\/v2\/posts\/5026\/revisions\/5042"}],"wp:featuredmedia":[{"embeddable":true,"href":"https:\/\/paulineferrandprevot.com\/index.php?rest_route=\/wp\/v2\/media\/5036"}],"wp:attachment":[{"href":"https:\/\/paulineferrandprevot.com\/index.php?rest_route=%2Fwp%2Fv2%2Fmedia&parent=5026"}],"wp:term":[{"taxonomy":"category","embeddable":true,"href":"https:\/\/paulineferrandprevot.com\/index.php?rest_route=%2Fwp%2Fv2%2Fcategories&post=5026"},{"taxonomy":"post_tag","embeddable":true,"href":"https:\/\/paulineferrandprevot.com\/index.php?rest_route=%2Fwp%2Fv2%2Ftags&post=5026"}],"curies":[{"name":"wp","href":"https:\/\/api.w.org\/{rel}","templated":true}]}}