{"id":5178,"date":"2015-08-24T12:59:06","date_gmt":"2015-08-24T10:59:06","guid":{"rendered":"http:\/\/paulineferrandprevot.com\/?p=5178"},"modified":"2015-08-24T13:00:33","modified_gmt":"2015-08-24T11:00:33","slug":"retour-sur-la-route","status":"publish","type":"post","link":"https:\/\/paulineferrandprevot.com\/?p=5178","title":{"rendered":"retour sur la route&#8230;"},"content":{"rendered":"<p><a href=\"http:\/\/paulineferrandprevot.com\/wp-content\/uploads\/2015\/08\/11907206_1015683345142771_6411186314054575768_o.jpg\"><img decoding=\"async\" loading=\"lazy\" class=\"aligncenter  wp-image-5184\" src=\"http:\/\/paulineferrandprevot.com\/wp-content\/uploads\/2015\/08\/11907206_1015683345142771_6411186314054575768_o.jpg\" alt=\"11907206_1015683345142771_6411186314054575768_o\" width=\"161\" height=\"242\" srcset=\"https:\/\/paulineferrandprevot.com\/wp-content\/uploads\/2015\/08\/11907206_1015683345142771_6411186314054575768_o.jpg 640w, https:\/\/paulineferrandprevot.com\/wp-content\/uploads\/2015\/08\/11907206_1015683345142771_6411186314054575768_o-200x300.jpg 200w, https:\/\/paulineferrandprevot.com\/wp-content\/uploads\/2015\/08\/11907206_1015683345142771_6411186314054575768_o-400x600.jpg 400w, https:\/\/paulineferrandprevot.com\/wp-content\/uploads\/2015\/08\/11907206_1015683345142771_6411186314054575768_o-600x900.jpg 600w, https:\/\/paulineferrandprevot.com\/wp-content\/uploads\/2015\/08\/11907206_1015683345142771_6411186314054575768_o-133x200.jpg 133w\" sizes=\"(max-width: 161px) 100vw, 161px\" \/><\/a><\/p>\n<p style=\"text-align: justify;\">Apr\u00e8s les deux manches de coupe du monde VTT de Mont-St-Anne (3\u00e8me) et Windham (1\u00e8re), Pauline a chang\u00e9 de monture ce week-end pour retrouver son v\u00e9lo de route.<\/p>\n<p style=\"text-align: justify;\">En effet, elle \u00e9tait au d\u00e9part, avec les gar\u00e7ons,\u00a0du grand prix de St Bonnet-le-Courreau dans la Loire.<\/p>\n<p style=\"text-align: justify;\">Elle termine 3\u00e8me de la course, une bonne pr\u00e9paration pour la prochaine coupe du monde route qui se d\u00e9roulera \u00e0 Plouay samedi 29 ao\u00fbt prochain.<\/p>\n<p style=\"text-align: justify;\"><a href=\"http:\/\/paulineferrandprevot.com\/wp-content\/uploads\/2015\/08\/11894611_1015684601809312_6901213896693998622_o.jpg\"><img decoding=\"async\" loading=\"lazy\" class=\"  wp-image-5182 alignleft\" src=\"http:\/\/paulineferrandprevot.com\/wp-content\/uploads\/2015\/08\/11894611_1015684601809312_6901213896693998622_o-1024x683.jpg\" alt=\"11894611_1015684601809312_6901213896693998622_o\" width=\"297\" height=\"199\" srcset=\"https:\/\/paulineferrandprevot.com\/wp-content\/uploads\/2015\/08\/11894611_1015684601809312_6901213896693998622_o-1024x683.jpg 1024w, https:\/\/paulineferrandprevot.com\/wp-content\/uploads\/2015\/08\/11894611_1015684601809312_6901213896693998622_o-300x200.jpg 300w, https:\/\/paulineferrandprevot.com\/wp-content\/uploads\/2015\/08\/11894611_1015684601809312_6901213896693998622_o-600x400.jpg 600w, https:\/\/paulineferrandprevot.com\/wp-content\/uploads\/2015\/08\/11894611_1015684601809312_6901213896693998622_o.jpg 2048w\" sizes=\"(max-width: 297px) 100vw, 297px\" \/><\/a><a href=\"http:\/\/paulineferrandprevot.com\/wp-content\/uploads\/2015\/08\/11884045_1015683931809379_1098583267871736654_o.jpg\"><img decoding=\"async\" loading=\"lazy\" class=\"  wp-image-5183 alignright\" src=\"http:\/\/paulineferrandprevot.com\/wp-content\/uploads\/2015\/08\/11884045_1015683931809379_1098583267871736654_o-1024x683.jpg\" alt=\"11884045_1015683931809379_1098583267871736654_o\" width=\"307\" height=\"205\" srcset=\"https:\/\/paulineferrandprevot.com\/wp-content\/uploads\/2015\/08\/11884045_1015683931809379_1098583267871736654_o-1024x683.jpg 1024w, https:\/\/paulineferrandprevot.com\/wp-content\/uploads\/2015\/08\/11884045_1015683931809379_1098583267871736654_o-300x200.jpg 300w, https:\/\/paulineferrandprevot.com\/wp-content\/uploads\/2015\/08\/11884045_1015683931809379_1098583267871736654_o-600x400.jpg 600w, https:\/\/paulineferrandprevot.com\/wp-content\/uploads\/2015\/08\/11884045_1015683931809379_1098583267871736654_o.jpg 2048w\" sizes=\"(max-width: 307px) 100vw, 307px\" \/><\/a><\/p>\n","protected":false},"excerpt":{"rendered":"<p>Apr\u00e8s les deux manches de coupe du monde VTT de Mont-St-Anne (3\u00e8me) et Windham (1\u00e8re), Pauline a chang\u00e9 de monture ce week-end pour retrouver son &hellip;<\/p>\n","protected":false},"author":3,"featured_media":5184,"comment_status":"closed","ping_status":"open","sticky":true,"template":"","format":"standard","meta":{"ngg_post_thumbnail":0},"categories":[1],"tags":[],"_links":{"self":[{"href":"https:\/\/paulineferrandprevot.com\/index.php?rest_route=\/wp\/v2\/posts\/5178"}],"collection":[{"href":"https:\/\/paulineferrandprevot.com\/index.php?rest_route=\/wp\/v2\/posts"}],"about":[{"href":"https:\/\/paulineferrandprevot.com\/index.php?rest_route=\/wp\/v2\/types\/post"}],"author":[{"embeddable":true,"href":"https:\/\/paulineferrandprevot.com\/index.php?rest_route=\/wp\/v2\/users\/3"}],"replies":[{"embeddable":true,"href":"https:\/\/paulineferrandprevot.com\/index.php?rest_route=%2Fwp%2Fv2%2Fcomments&post=5178"}],"version-history":[{"count":6,"href":"https:\/\/paulineferrandprevot.com\/index.php?rest_route=\/wp\/v2\/posts\/5178\/revisions"}],"predecessor-version":[{"id":5187,"href":"https:\/\/paulineferrandprevot.com\/index.php?rest_route=\/wp\/v2\/posts\/5178\/revisions\/5187"}],"wp:featuredmedia":[{"embeddable":true,"href":"https:\/\/paulineferrandprevot.com\/index.php?rest_route=\/wp\/v2\/media\/5184"}],"wp:attachment":[{"href":"https:\/\/paulineferrandprevot.com\/index.php?rest_route=%2Fwp%2Fv2%2Fmedia&parent=5178"}],"wp:term":[{"taxonomy":"category","embeddable":true,"href":"https:\/\/paulineferrandprevot.com\/index.php?rest_route=%2Fwp%2Fv2%2Fcategories&post=5178"},{"taxonomy":"post_tag","embeddable":true,"href":"https:\/\/paulineferrandprevot.com\/index.php?rest_route=%2Fwp%2Fv2%2Ftags&post=5178"}],"curies":[{"name":"wp","href":"https:\/\/api.w.org\/{rel}","templated":true}]}}