{"id":54,"date":"2012-03-10T16:43:38","date_gmt":"2012-03-10T15:43:38","guid":{"rendered":"http:\/\/paulineferrandprevot.com\/?p=54"},"modified":"2012-03-14T17:48:41","modified_gmt":"2012-03-14T16:48:41","slug":"coupe-du-monde-pauline-10e","status":"publish","type":"post","link":"https:\/\/paulineferrandprevot.com\/?p=54","title":{"rendered":"Coupe du Monde : Pauline 10e (+ vid\u00e9os)"},"content":{"rendered":"<p><iframe loading=\"lazy\" src=\"http:\/\/www.youtube.com\/embed\/5zARIzdoABs\" frameborder=\"0\" width=\"560\" height=\"315\"><\/iframe><\/p>\n<p><iframe loading=\"lazy\" src=\"http:\/\/www.youtube.com\/embed\/CisTUUgUTPQ\" frameborder=\"0\" width=\"560\" height=\"315\"><\/iframe><\/p>\n<p>&nbsp;<\/p>\n<p>&nbsp;<\/p>\n<p>Le Ronde Van Drenthe aux Pays-Bas, premi\u00e8re manche de la Coupe du monde, a permis \u00e0 Pauline de se classer dixi\u00e8me, malgr\u00e9 une chute \u00e0 quatre kilom\u00e8tres de l\u2019arriv\u00e9e. L\u2019\u00e9preuve a \u00e9t\u00e9 remport\u00e9e par Marianne Vos, leader de Pauline, qui s\u2019\u00e9tait d\u00e9j\u00e0 impos\u00e9e l\u2019an pass\u00e9.<\/p>\n<p>Pauline a donc inscrit ses premiers points 2012 en Coupe du monde. De bon augure en cette ann\u00e9e olympique.<\/p>\n<p>Sit\u00f4t la course, Pauline n\u2019a pas vraiment pu savourer son classement avec ses \u00e9quipi\u00e8res car elle prenait l\u2019avion en direction de l\u2019Afrique du Sud, o\u00f9 elle y disputera samedi prochain la premi\u00e8re manche de la Coupe du monde VTT.<\/p>\n<p><strong>La r\u00e9action de Pauline :<\/strong>\u00a0\u00ab\u00a0Je suis amplement satisfaite de ma course, car vendredi je n\u2019\u00e9tais pas encore au mieux de ma condition suite au coup de froid de dimanche dernier sur le podium de la Omloop Het Van Hageland. Malgr\u00e9 tout, au d\u00e9part ce matin, j\u2019avais le statut de fille prot\u00e9g\u00e9e avec Marianne Vos.<\/p>\n<p>L\u2019\u00e9quipe a fait un travail consid\u00e9rable tout au long de la journ\u00e9e pour nous placer dans les meilleures conditions. Surtout Roxane Knetemann qui s\u2019est mise \u00e0 plat ventre dans les derniers kilom\u00e8tres.<\/p>\n<p>Dixi\u00e8me de la course, je ne pensais pas faire un tel classement apr\u00e8s mon refroidissement et mes mauvaises sensations des derniers jours. Le coup de p\u00e9dale n\u2019\u00e9tait finalement pas si mauvais et lorsque je me suis retrouv\u00e9e dans le bon wagon, j\u2019\u00e9tais confiante. Sans cette chute dans un virage \u00e0 quatre kilom\u00e8tres de la ligne, je pense que je pouvais jouer une place dans les cinq premi\u00e8res. Marianne a gagn\u00e9 la premi\u00e8re manche de la coupe du monde, cela va faire du bien au moral de l\u2019\u00e9quipe \u00bb.<\/p>\n<p>Photos : Anton Vos. Merci \u00e0 lui.<\/p>\n<!-- index.php -->\n<div\n\tclass=\"ngg-galleryoverview ngg-ajax-pagination-none\"\n\tid=\"ngg-gallery-9bdbe9d9270e3c33cc4f07449bbbb5a9-1\">\n\n    \t<div class=\"slideshowlink\">\n        <a href='https:\/\/paulineferrandprevot.com\/index.php\/nggallery\/slideshow?p=54'>[Show as slideshow]<\/a>\n\t\t\n\t<\/div>\n\t\t\t<!-- Thumbnails -->\n\t\t\t\t<div id=\"ngg-image-0\" class=\"ngg-gallery-thumbnail-box\" >\n\t\t\t\t        <div class=\"ngg-gallery-thumbnail\">\n            <a href=\"https:\/\/paulineferrandprevot.com\/wp-content\/gallery\/drenthe\/vos0043.jpg\"\n               title=\"\"\n               data-src=\"https:\/\/paulineferrandprevot.com\/wp-content\/gallery\/drenthe\/vos0043.jpg\"\n               data-thumbnail=\"https:\/\/paulineferrandprevot.com\/wp-content\/gallery\/drenthe\/thumbs\/thumbs_vos0043.jpg\"\n               data-image-id=\"28\"\n               data-title=\"vos0043\"\n               data-description=\"\"\n               data-image-slug=\"vos0043\"\n               class=\"shutterset_9bdbe9d9270e3c33cc4f07449bbbb5a9\">\n                <img\n                    title=\"vos0043\"\n                    alt=\"vos0043\"\n                    src=\"https:\/\/paulineferrandprevot.com\/wp-content\/gallery\/drenthe\/thumbs\/thumbs_vos0043.jpg\"\n                    width=\"100\"\n                    height=\"75\"\n                    style=\"max-width:100%;\"\n                \/>\n            <\/a>\n        <\/div>\n\t\t\t\t\t\t\t<\/div> \n\t\t\t\n        \n\t\t\t\t<div id=\"ngg-image-1\" class=\"ngg-gallery-thumbnail-box\" >\n\t\t\t\t        <div class=\"ngg-gallery-thumbnail\">\n            <a href=\"https:\/\/paulineferrandprevot.com\/wp-content\/gallery\/drenthe\/vos0121.jpg\"\n               title=\"\"\n               data-src=\"https:\/\/paulineferrandprevot.com\/wp-content\/gallery\/drenthe\/vos0121.jpg\"\n               data-thumbnail=\"https:\/\/paulineferrandprevot.com\/wp-content\/gallery\/drenthe\/thumbs\/thumbs_vos0121.jpg\"\n               data-image-id=\"29\"\n               data-title=\"vos0121\"\n               data-description=\"\"\n               data-image-slug=\"vos0121\"\n               class=\"shutterset_9bdbe9d9270e3c33cc4f07449bbbb5a9\">\n                <img\n                    title=\"vos0121\"\n                    alt=\"vos0121\"\n                    src=\"https:\/\/paulineferrandprevot.com\/wp-content\/gallery\/drenthe\/thumbs\/thumbs_vos0121.jpg\"\n                    width=\"100\"\n                    height=\"75\"\n                    style=\"max-width:100%;\"\n                \/>\n            <\/a>\n        <\/div>\n\t\t\t\t\t\t\t<\/div> \n\t\t\t\n        \n\t\t\t\t<div id=\"ngg-image-2\" class=\"ngg-gallery-thumbnail-box\" >\n\t\t\t\t        <div class=\"ngg-gallery-thumbnail\">\n            <a href=\"https:\/\/paulineferrandprevot.com\/wp-content\/gallery\/drenthe\/vos0169.jpg\"\n               title=\"\"\n               data-src=\"https:\/\/paulineferrandprevot.com\/wp-content\/gallery\/drenthe\/vos0169.jpg\"\n               data-thumbnail=\"https:\/\/paulineferrandprevot.com\/wp-content\/gallery\/drenthe\/thumbs\/thumbs_vos0169.jpg\"\n               data-image-id=\"30\"\n               data-title=\"vos0169\"\n               data-description=\"\"\n               data-image-slug=\"vos0169\"\n               class=\"shutterset_9bdbe9d9270e3c33cc4f07449bbbb5a9\">\n                <img\n                    title=\"vos0169\"\n                    alt=\"vos0169\"\n                    src=\"https:\/\/paulineferrandprevot.com\/wp-content\/gallery\/drenthe\/thumbs\/thumbs_vos0169.jpg\"\n                    width=\"100\"\n                    height=\"75\"\n                    style=\"max-width:100%;\"\n                \/>\n            <\/a>\n        <\/div>\n\t\t\t\t\t\t\t<\/div> \n\t\t\t\n        \n\t\t\t\t<div id=\"ngg-image-3\" class=\"ngg-gallery-thumbnail-box\" >\n\t\t\t\t        <div class=\"ngg-gallery-thumbnail\">\n            <a href=\"https:\/\/paulineferrandprevot.com\/wp-content\/gallery\/drenthe\/vos0175.jpg\"\n               title=\"\"\n               data-src=\"https:\/\/paulineferrandprevot.com\/wp-content\/gallery\/drenthe\/vos0175.jpg\"\n               data-thumbnail=\"https:\/\/paulineferrandprevot.com\/wp-content\/gallery\/drenthe\/thumbs\/thumbs_vos0175.jpg\"\n               data-image-id=\"31\"\n               data-title=\"vos0175\"\n               data-description=\"\"\n               data-image-slug=\"vos0175\"\n               class=\"shutterset_9bdbe9d9270e3c33cc4f07449bbbb5a9\">\n                <img\n                    title=\"vos0175\"\n                    alt=\"vos0175\"\n                    src=\"https:\/\/paulineferrandprevot.com\/wp-content\/gallery\/drenthe\/thumbs\/thumbs_vos0175.jpg\"\n                    width=\"100\"\n                    height=\"75\"\n                    style=\"max-width:100%;\"\n                \/>\n            <\/a>\n        <\/div>\n\t\t\t\t\t\t\t<\/div> \n\t\t\t\n        \n\t\t\t\t<div id=\"ngg-image-4\" class=\"ngg-gallery-thumbnail-box\" >\n\t\t\t\t        <div class=\"ngg-gallery-thumbnail\">\n            <a href=\"https:\/\/paulineferrandprevot.com\/wp-content\/gallery\/drenthe\/vos0178.jpg\"\n               title=\"\"\n               data-src=\"https:\/\/paulineferrandprevot.com\/wp-content\/gallery\/drenthe\/vos0178.jpg\"\n               data-thumbnail=\"https:\/\/paulineferrandprevot.com\/wp-content\/gallery\/drenthe\/thumbs\/thumbs_vos0178.jpg\"\n               data-image-id=\"32\"\n               data-title=\"vos0178\"\n               data-description=\"\"\n               data-image-slug=\"vos0178\"\n               class=\"shutterset_9bdbe9d9270e3c33cc4f07449bbbb5a9\">\n                <img\n                    title=\"vos0178\"\n                    alt=\"vos0178\"\n                    src=\"https:\/\/paulineferrandprevot.com\/wp-content\/gallery\/drenthe\/thumbs\/thumbs_vos0178.jpg\"\n                    width=\"100\"\n                    height=\"75\"\n                    style=\"max-width:100%;\"\n                \/>\n            <\/a>\n        <\/div>\n\t\t\t\t\t\t\t<\/div> \n\t\t\t\n        \n\t\t\t\t<div id=\"ngg-image-5\" class=\"ngg-gallery-thumbnail-box\" >\n\t\t\t\t        <div class=\"ngg-gallery-thumbnail\">\n            <a href=\"https:\/\/paulineferrandprevot.com\/wp-content\/gallery\/drenthe\/vos0456.jpg\"\n               title=\"\"\n               data-src=\"https:\/\/paulineferrandprevot.com\/wp-content\/gallery\/drenthe\/vos0456.jpg\"\n               data-thumbnail=\"https:\/\/paulineferrandprevot.com\/wp-content\/gallery\/drenthe\/thumbs\/thumbs_vos0456.jpg\"\n               data-image-id=\"33\"\n               data-title=\"vos0456\"\n               data-description=\"\"\n               data-image-slug=\"vos0456\"\n               class=\"shutterset_9bdbe9d9270e3c33cc4f07449bbbb5a9\">\n                <img\n                    title=\"vos0456\"\n                    alt=\"vos0456\"\n                    src=\"https:\/\/paulineferrandprevot.com\/wp-content\/gallery\/drenthe\/thumbs\/thumbs_vos0456.jpg\"\n                    width=\"100\"\n                    height=\"75\"\n                    style=\"max-width:100%;\"\n                \/>\n            <\/a>\n        <\/div>\n\t\t\t\t\t\t\t<\/div> \n\t\t\t\n        \n\t\t\t\t<div id=\"ngg-image-6\" class=\"ngg-gallery-thumbnail-box\" >\n\t\t\t\t        <div class=\"ngg-gallery-thumbnail\">\n            <a href=\"https:\/\/paulineferrandprevot.com\/wp-content\/gallery\/drenthe\/vos0596.jpg\"\n               title=\"\"\n               data-src=\"https:\/\/paulineferrandprevot.com\/wp-content\/gallery\/drenthe\/vos0596.jpg\"\n               data-thumbnail=\"https:\/\/paulineferrandprevot.com\/wp-content\/gallery\/drenthe\/thumbs\/thumbs_vos0596.jpg\"\n               data-image-id=\"34\"\n               data-title=\"vos0596\"\n               data-description=\"\"\n               data-image-slug=\"vos0596\"\n               class=\"shutterset_9bdbe9d9270e3c33cc4f07449bbbb5a9\">\n                <img\n                    title=\"vos0596\"\n                    alt=\"vos0596\"\n                    src=\"https:\/\/paulineferrandprevot.com\/wp-content\/gallery\/drenthe\/thumbs\/thumbs_vos0596.jpg\"\n                    width=\"100\"\n                    height=\"75\"\n                    style=\"max-width:100%;\"\n                \/>\n            <\/a>\n        <\/div>\n\t\t\t\t\t\t\t<\/div> \n\t\t\t\n        \n\t\t\n\t\t<!-- Pagination -->\n\t<div class='ngg-clear'><\/div>\t<\/div>\n\n<p>&nbsp;<\/p>\n<p align=\"left\"><strong>Classement :<\/strong> 1. Vos Marianne (Rabo Women Cycling Team) les 132 km en 3 h 32\u201901 ; 2. Wild Kirsten (AA-Drink LEontien) ; 3. Johansson Emma (Hitec Products Mistral) ; 4. Bronzini Giorgia (Diadora Pasta Zara) ; 5. Worrack Trixi (Specialized Lululemon) ; 6. Visser Adrie (Skil 1T4l)\u00a0; 7. Bras Martine (Dolmans Boels)\u00a0; 8. Baccaille Monia (MCipollini Giambenini) ; 9. Gunnewijk Loes (Greenedge AIS) ; 10. FERRAND-PREVOT Pauline (Rabo Women Cycling Team) ; 11. Arndt Judith (Greenedge AIS) ; 12. Cordon Audrey (Vienne Futuroscope) ; 13. Kasper Romy (Rusvelo) \u00e0 3\u2019\u2019 ;\u00a0 14. Cromwell Tiffany (Greenedge AIS) ; 15. Kanis Janneke (Skil 1T4l) ; 16. Burchenkova Alexsandra (S.C. Michela Fanini)\u00a0; 17. Armitstead Elisabeth (AA-Drink LEontien)\u00a0; 18. Becker Charlotte (Specialized Lululemon) ; 19. Blaak Chantal (AA-Drink LEontien) \u00e0 14\u2019\u2019 ; 20. Longo-Borghini Elisa (Hitec Products Mistral)\u2026<\/p>\n<p align=\"left\">Sylviane Dubau<\/p>\n<p align=\"left\">MARIANNE VOS ET PAULINE<\/p>\n<p><iframe loading=\"lazy\" src=\"http:\/\/www.youtube.com\/embed\/_FSLjocCEAw\" frameborder=\"0\" width=\"560\" height=\"315\"><\/iframe><\/p>\n","protected":false},"excerpt":{"rendered":"<p>&nbsp; &nbsp; Le Ronde Van Drenthe aux Pays-Bas, premi\u00e8re manche de la Coupe du monde, a permis \u00e0 Pauline de se classer dixi\u00e8me, malgr\u00e9 une &hellip;<\/p>\n","protected":false},"author":2,"featured_media":0,"comment_status":"open","ping_status":"open","sticky":false,"template":"","format":"standard","meta":{"ngg_post_thumbnail":0},"categories":[1],"tags":[],"_links":{"self":[{"href":"https:\/\/paulineferrandprevot.com\/index.php?rest_route=\/wp\/v2\/posts\/54"}],"collection":[{"href":"https:\/\/paulineferrandprevot.com\/index.php?rest_route=\/wp\/v2\/posts"}],"about":[{"href":"https:\/\/paulineferrandprevot.com\/index.php?rest_route=\/wp\/v2\/types\/post"}],"author":[{"embeddable":true,"href":"https:\/\/paulineferrandprevot.com\/index.php?rest_route=\/wp\/v2\/users\/2"}],"replies":[{"embeddable":true,"href":"https:\/\/paulineferrandprevot.com\/index.php?rest_route=%2Fwp%2Fv2%2Fcomments&post=54"}],"version-history":[{"count":0,"href":"https:\/\/paulineferrandprevot.com\/index.php?rest_route=\/wp\/v2\/posts\/54\/revisions"}],"wp:attachment":[{"href":"https:\/\/paulineferrandprevot.com\/index.php?rest_route=%2Fwp%2Fv2%2Fmedia&parent=54"}],"wp:term":[{"taxonomy":"category","embeddable":true,"href":"https:\/\/paulineferrandprevot.com\/index.php?rest_route=%2Fwp%2Fv2%2Fcategories&post=54"},{"taxonomy":"post_tag","embeddable":true,"href":"https:\/\/paulineferrandprevot.com\/index.php?rest_route=%2Fwp%2Fv2%2Ftags&post=54"}],"curies":[{"name":"wp","href":"https:\/\/api.w.org\/{rel}","templated":true}]}}