{"id":5548,"date":"2016-04-04T17:32:32","date_gmt":"2016-04-04T15:32:32","guid":{"rendered":"http:\/\/paulineferrandprevot.com\/?p=5548"},"modified":"2016-04-04T17:46:44","modified_gmt":"2016-04-04T15:46:44","slug":"tour-des-flandres-la-forme-arrive","status":"publish","type":"post","link":"https:\/\/paulineferrandprevot.com\/?p=5548","title":{"rendered":"Tour des Flandres&#8230; la forme arrive !"},"content":{"rendered":"<p style=\"text-align: justify;\"><a href=\"http:\/\/paulineferrandprevot.com\/wp-content\/uploads\/2016\/04\/12719475_1053523948026672_425555960917917894_o.jpg\"><img decoding=\"async\" loading=\"lazy\" class=\" size-medium wp-image-5551 aligncenter\" src=\"http:\/\/paulineferrandprevot.com\/wp-content\/uploads\/2016\/04\/12719475_1053523948026672_425555960917917894_o-300x200.jpg\" alt=\"12719475_1053523948026672_425555960917917894_o\" width=\"300\" height=\"200\" srcset=\"https:\/\/paulineferrandprevot.com\/wp-content\/uploads\/2016\/04\/12719475_1053523948026672_425555960917917894_o-300x200.jpg 300w, https:\/\/paulineferrandprevot.com\/wp-content\/uploads\/2016\/04\/12719475_1053523948026672_425555960917917894_o-1024x683.jpg 1024w, https:\/\/paulineferrandprevot.com\/wp-content\/uploads\/2016\/04\/12719475_1053523948026672_425555960917917894_o-600x400.jpg 600w, https:\/\/paulineferrandprevot.com\/wp-content\/uploads\/2016\/04\/12719475_1053523948026672_425555960917917894_o.jpg 2048w\" sizes=\"(max-width: 300px) 100vw, 300px\" \/><\/a><\/p>\n<p style=\"text-align: justify;\">La <em>Rabo Liv Women Cycling Team<\/em> \u00e9tait hier au d\u00e9part de la classique Flandrienne la plus mythique du circuit f\u00e9minin.<\/p>\n<p style=\"text-align: justify;\">Pauline avait, bien \u00e9videmment, fait le d\u00e9placement sans trop savoir ou elle en \u00e9tait, m\u00eame si sa r\u00e9cente victoire en coupe de France VTT \u00e0 Marseille laissait entrevoir de bonnes choses.<\/p>\n<p style=\"text-align: justify;\">C&#8217;est donc \u00e0 11h, sous un beau soleil de printemps que les concurrentes ont pris le d\u00e9part de la place centrale de Oudenaarde. Plus de 140 kms les attendait avec de nombreuses difficult\u00e9s comme l&#8217;ascension du\u00a0Kwaremont ou autre Mollenberg.<\/p>\n<p style=\"text-align: justify;\">D\u00e8s le d\u00e9part, les tentatives sont nombreuses.\u00a0Lors des premi\u00e8res difficult\u00e9s, notamment l&#8217;ascension du Wolfvenberg, quelques concurrentes commencent \u00e0 montrer des signes de faiblesse. Pauline et ses co\u00e9quipi\u00e8res,\u00a0toujours bien plac\u00e9es aux avant postes, g\u00e8rent l&#8217;ascension.<\/p>\n<p style=\"text-align: justify;\">A l&#8217;approche de la mi-course, Thalita De Jong <em>(Rabo Liv Women Cycling Team),<\/em> co\u00e9quipi\u00e8re de Pauline, tente sa chance seule. Elle prendra plus de 35 secondes d&#8217;avance avant d&#8217;\u00eatre reprise au sommet du Berendries. C&#8217;est donc un peloton group\u00e9 qui se pr\u00e9sente dans les derni\u00e8res ascensions, notamment le Kanariesberg. Pauline fait alors\u00a0une ascension rapide, mettant en difficult\u00e9 nombre de concurrentes.<\/p>\n<p style=\"text-align: justify;\"><a href=\"http:\/\/paulineferrandprevot.com\/wp-content\/uploads\/2016\/04\/12968144_1053523201360080_6477725790695084070_o.jpg\"><img decoding=\"async\" loading=\"lazy\" class=\" size-medium wp-image-5552 aligncenter\" src=\"http:\/\/paulineferrandprevot.com\/wp-content\/uploads\/2016\/04\/12968144_1053523201360080_6477725790695084070_o-300x200.jpg\" alt=\"12968144_1053523201360080_6477725790695084070_o\" width=\"300\" height=\"200\" srcset=\"https:\/\/paulineferrandprevot.com\/wp-content\/uploads\/2016\/04\/12968144_1053523201360080_6477725790695084070_o-300x200.jpg 300w, https:\/\/paulineferrandprevot.com\/wp-content\/uploads\/2016\/04\/12968144_1053523201360080_6477725790695084070_o-1024x683.jpg 1024w, https:\/\/paulineferrandprevot.com\/wp-content\/uploads\/2016\/04\/12968144_1053523201360080_6477725790695084070_o-600x400.jpg 600w, https:\/\/paulineferrandprevot.com\/wp-content\/uploads\/2016\/04\/12968144_1053523201360080_6477725790695084070_o.jpg 2048w\" sizes=\"(max-width: 300px) 100vw, 300px\" \/><\/a><\/p>\n<p style=\"text-align: justify;\">A 10 kms de l&#8217;arriv\u00e9e, Emma Johansson <em>(Wiggle High5)<\/em>\u00a0et Elizabeth Armitstead <em>(Boels Dolmans cycling Team)<\/em>\u00a0faussent compagnie au peloton. Derri\u00e8re, un groupe de contre s&#8217;organise avec notamment Pauline mais \u00e9galement Katarzyna Niewiadoma <em>(Rabo Liv Women Cycling Team),<\/em> Chantal Blaak<em> (Boels Dolmans Cycling Team),<\/em> M\u00e9gan Guarnier <em>(Boels Dolmans Cycling Team), <\/em>Elisa Longo-Borghini <em>(Wiggle High 5),<\/em> Ellen Van Dijk <em>(Boels Dolmans Cycling Team),<\/em> Annemiek Van Vleuten (<em>Orica AIS<\/em>) et Claudia Lichtenberg <em>(Lotto Soudal Ladies).<\/em><\/p>\n<p style=\"text-align: justify;\">Les deux fuyardes parviendront \u00e0 maintenir une petite avance sur le groupe de chasse pour se disputer la victoire avec &#8230;2 petites secondes d&#8217;avance.<\/p>\n<p style=\"text-align: justify;\">La championne du monde se montre la plus rapide et remporte cette \u00e9dition 2016. Pauline vient prendre une tr\u00e8s belle 8\u00e8me place au terme d&#8217;une magnifique course.<\/p>\n<p style=\"text-align: justify;\">\n<p><strong><span style=\"text-decoration: underline;\">La r\u00e9action de Pauline<\/span> :<\/strong><\/p>\n<p><em>Un peu frustr\u00e9e de cette 8\u00e8me place mais contente de revenir \u00e0 ce niveau sur le tour des Flandres. La forme\u00a0arrive !!<\/em><\/p>\n<p><a href=\"http:\/\/paulineferrandprevot.com\/wp-content\/uploads\/2016\/04\/IMG_3677.jpg\"><img decoding=\"async\" loading=\"lazy\" class=\"aligncenter size-medium wp-image-5553\" src=\"http:\/\/paulineferrandprevot.com\/wp-content\/uploads\/2016\/04\/IMG_3677-300x200.jpg\" alt=\"IMG_3677\" width=\"300\" height=\"200\" srcset=\"https:\/\/paulineferrandprevot.com\/wp-content\/uploads\/2016\/04\/IMG_3677-300x200.jpg 300w, https:\/\/paulineferrandprevot.com\/wp-content\/uploads\/2016\/04\/IMG_3677-1024x683.jpg 1024w, https:\/\/paulineferrandprevot.com\/wp-content\/uploads\/2016\/04\/IMG_3677-600x400.jpg 600w\" sizes=\"(max-width: 300px) 100vw, 300px\" \/><\/a><\/p>\n<p><span style=\"color: #800080;\"><strong><span style=\"text-decoration: underline;\">Classement de l&#8217;\u00e9preuve<\/span> <\/strong>: <\/span><\/p>\n<p>1 &#8211; Elizabeth Armitstead &#8211; Boels Dolmans Cycling Team<\/p>\n<p>2 &#8211; Emma Johansson &#8211; Wiggle High 5 &#8211; MT<\/p>\n<p>3- Chantal Blaak &#8211; Boels Dolmans Cycling Team &#8211; \u00e0 2 sec<\/p>\n<p>4 &#8211; Megan Guarnier &#8211; Boels Dolmans Cycling Team &#8211; MT<\/p>\n<p>5 &#8211; Elisa Longo Borghini &#8211; Wiggle High 5 &#8211; MT<\/p>\n<p>6 &#8211; Ellen Van Dijk &#8211; Boels Dolmans Cycling Team &#8211; MT<\/p>\n<p>7 &#8211; Annemiek Van Vleuten &#8211; Orica Ais &#8211; MT<\/p>\n<p>8 &#8211; Pauline Ferrant-Prevot &#8211; Rabo Liv Women Cycling Team &#8211; MT<\/p>\n<p>9 &#8211; Claudia Lichtenberg &#8211; Lotto Soudal Ladies &#8211; MT<\/p>\n<p>10 &#8211; Kataryna Niewiadoma &#8211; Rabo Liv Woemen Cycling Team &#8211; \u00e0 8 sec<\/p>\n<p style=\"text-align: center;\">\u00a0<a href=\"http:\/\/paulineferrandprevot.com\/wp-content\/uploads\/2016\/04\/IMG_3678.jpg\"><img decoding=\"async\" loading=\"lazy\" class=\"aligncenter size-medium wp-image-5554\" src=\"http:\/\/paulineferrandprevot.com\/wp-content\/uploads\/2016\/04\/IMG_3678-300x200.jpg\" alt=\"IMG_3678\" width=\"300\" height=\"200\" srcset=\"https:\/\/paulineferrandprevot.com\/wp-content\/uploads\/2016\/04\/IMG_3678-300x200.jpg 300w, https:\/\/paulineferrandprevot.com\/wp-content\/uploads\/2016\/04\/IMG_3678-1024x683.jpg 1024w, https:\/\/paulineferrandprevot.com\/wp-content\/uploads\/2016\/04\/IMG_3678-600x400.jpg 600w, https:\/\/paulineferrandprevot.com\/wp-content\/uploads\/2016\/04\/IMG_3678-359x239.jpg 359w\" sizes=\"(max-width: 300px) 100vw, 300px\" \/><\/a>Merci \u00e0 Jean-Luc Renondeau pour les photos<\/p>\n<p style=\"text-align: center;\"><em><strong>Maintenant, place cette semaine \u00e0 un stage route en compagnie de l&#8217;\u00e9quipe de France&#8230;<\/strong><\/em><\/p>\n<p>&nbsp;<\/p>\n<p>&nbsp;<\/p>\n<p>&nbsp;<\/p>\n","protected":false},"excerpt":{"rendered":"<p>La Rabo Liv Women Cycling Team \u00e9tait hier au d\u00e9part de la classique Flandrienne la plus mythique du circuit f\u00e9minin. Pauline avait, bien \u00e9videmment, fait &hellip;<\/p>\n","protected":false},"author":3,"featured_media":5554,"comment_status":"closed","ping_status":"open","sticky":true,"template":"","format":"standard","meta":{"ngg_post_thumbnail":0},"categories":[1],"tags":[],"_links":{"self":[{"href":"https:\/\/paulineferrandprevot.com\/index.php?rest_route=\/wp\/v2\/posts\/5548"}],"collection":[{"href":"https:\/\/paulineferrandprevot.com\/index.php?rest_route=\/wp\/v2\/posts"}],"about":[{"href":"https:\/\/paulineferrandprevot.com\/index.php?rest_route=\/wp\/v2\/types\/post"}],"author":[{"embeddable":true,"href":"https:\/\/paulineferrandprevot.com\/index.php?rest_route=\/wp\/v2\/users\/3"}],"replies":[{"embeddable":true,"href":"https:\/\/paulineferrandprevot.com\/index.php?rest_route=%2Fwp%2Fv2%2Fcomments&post=5548"}],"version-history":[{"count":5,"href":"https:\/\/paulineferrandprevot.com\/index.php?rest_route=\/wp\/v2\/posts\/5548\/revisions"}],"predecessor-version":[{"id":5557,"href":"https:\/\/paulineferrandprevot.com\/index.php?rest_route=\/wp\/v2\/posts\/5548\/revisions\/5557"}],"wp:featuredmedia":[{"embeddable":true,"href":"https:\/\/paulineferrandprevot.com\/index.php?rest_route=\/wp\/v2\/media\/5554"}],"wp:attachment":[{"href":"https:\/\/paulineferrandprevot.com\/index.php?rest_route=%2Fwp%2Fv2%2Fmedia&parent=5548"}],"wp:term":[{"taxonomy":"category","embeddable":true,"href":"https:\/\/paulineferrandprevot.com\/index.php?rest_route=%2Fwp%2Fv2%2Fcategories&post=5548"},{"taxonomy":"post_tag","embeddable":true,"href":"https:\/\/paulineferrandprevot.com\/index.php?rest_route=%2Fwp%2Fv2%2Ftags&post=5548"}],"curies":[{"name":"wp","href":"https:\/\/api.w.org\/{rel}","templated":true}]}}