{"id":6078,"date":"2017-04-03T21:58:50","date_gmt":"2017-04-03T19:58:50","guid":{"rendered":"http:\/\/paulineferrandprevot.com\/?p=6078"},"modified":"2017-04-03T22:08:13","modified_gmt":"2017-04-03T20:08:13","slug":"ronde-van-vlaanderen-ou-le-tour-des-flandres","status":"publish","type":"post","link":"https:\/\/paulineferrandprevot.com\/?p=6078","title":{"rendered":"Ronde Van Vlaanderen ou le Tour des Flandres&#8230;"},"content":{"rendered":"<p style=\"text-align: justify;\"><a href=\"http:\/\/paulineferrandprevot.com\/wp-content\/uploads\/2017\/04\/IMG_8604.jpg\"><img decoding=\"async\" loading=\"lazy\" class=\"aligncenter size-medium wp-image-6088\" src=\"http:\/\/paulineferrandprevot.com\/wp-content\/uploads\/2017\/04\/IMG_8604-300x200.jpg\" alt=\"IMG_8604\" width=\"300\" height=\"200\" srcset=\"https:\/\/paulineferrandprevot.com\/wp-content\/uploads\/2017\/04\/IMG_8604-300x200.jpg 300w, https:\/\/paulineferrandprevot.com\/wp-content\/uploads\/2017\/04\/IMG_8604-1024x684.jpg 1024w, https:\/\/paulineferrandprevot.com\/wp-content\/uploads\/2017\/04\/IMG_8604-600x401.jpg 600w, https:\/\/paulineferrandprevot.com\/wp-content\/uploads\/2017\/04\/IMG_8604-359x240.jpg 359w, https:\/\/paulineferrandprevot.com\/wp-content\/uploads\/2017\/04\/IMG_8604.jpg 1050w\" sizes=\"(max-width: 300px) 100vw, 300px\" \/><\/a><\/p>\n<p style=\"text-align: justify;\"><strong>256,<\/strong> c&#8217;est le nombre de concurrentes qui \u00e9taient au d\u00e9part de l&#8217;\u00e9dition 2017 de la <em>&#8220;Ronde Van Vlaanderen&#8221;, <\/em>plus connue en France sous le nom de <em>&#8220;Tour des Flandres&#8221;.<\/em><\/p>\n<p style=\"text-align: justify;\"><strong>154,<\/strong> c&#8217;est le nombre de kilom\u00e8tres qui attendaient les concurrentes avec pas moins de 12 difficult\u00e9s majeures comme le c\u00e9l\u00e8bre <em>Kwaremont<\/em> ou autre <em>Paterberg. <\/em><\/p>\n<p style=\"text-align: justify;\">Tout \u00e9tait donc r\u00e9uni pour\u00a0que le nombreux public se r\u00e9gale tout au long de cette journ\u00e9e ensoleill\u00e9e.<\/p>\n<p style=\"text-align: justify;\"><a href=\"http:\/\/paulineferrandprevot.com\/wp-content\/uploads\/2017\/04\/IMG_8603.jpg\"><img decoding=\"async\" loading=\"lazy\" class=\"aligncenter size-medium wp-image-6087\" src=\"http:\/\/paulineferrandprevot.com\/wp-content\/uploads\/2017\/04\/IMG_8603-300x200.jpg\" alt=\"IMG_8603\" width=\"300\" height=\"200\" srcset=\"https:\/\/paulineferrandprevot.com\/wp-content\/uploads\/2017\/04\/IMG_8603-300x200.jpg 300w, https:\/\/paulineferrandprevot.com\/wp-content\/uploads\/2017\/04\/IMG_8603-1024x684.jpg 1024w, https:\/\/paulineferrandprevot.com\/wp-content\/uploads\/2017\/04\/IMG_8603-600x401.jpg 600w, https:\/\/paulineferrandprevot.com\/wp-content\/uploads\/2017\/04\/IMG_8603.jpg 1050w\" sizes=\"(max-width: 300px) 100vw, 300px\" \/><\/a><\/p>\n<p style=\"text-align: justify;\">A 11h00 , le peloton s&#8217;\u00e9lance donc pour 154 kilom\u00e8tres. D\u00e9j\u00e0, apr\u00e8s quelques minutes de course, les premi\u00e8res tentatives voient le jour et \u00e9tirent le peloton. Dans les premi\u00e8res ascensions, quelques coureuses sont distanc\u00e9es comme par exemple lors de l&#8217;ascension du <em>Wolvenberg<\/em> o\u00f9 plusieurs petits groupes sont d\u00e9j\u00e0 form\u00e9s \u00e0 l&#8217;arri\u00e8re. Pauline est bien plac\u00e9e \u00e0 l&#8217;avant de la course.<\/p>\n<p style=\"text-align: justify;\">Cette course de mouvement m\u00e8nera le peloton jusqu&#8217;\u00e0 20 kms de l&#8217;arriv\u00e9e o\u00f9 4 fuyardes faussent compagnie au peloton. <em>Elisa Longo Borghini<\/em>, <em>Katarzyna Niewiadoma<\/em>, <em>Anna Van der Breggen<\/em> et <em>Annemiek Van Vleuten<\/em> prendront alors jusqu&#8217;\u00e0 30 secondes d&#8217;avance sur un peloton qui n&#8217;est pas d\u00e9cid\u00e9 \u00e0 se laisser faire.<\/p>\n<p style=\"text-align: justify;\"><a href=\"http:\/\/paulineferrandprevot.com\/wp-content\/uploads\/2017\/04\/IMG_8602.jpg\"><img decoding=\"async\" loading=\"lazy\" class=\"aligncenter size-medium wp-image-6086\" src=\"http:\/\/paulineferrandprevot.com\/wp-content\/uploads\/2017\/04\/IMG_8602-300x200.jpg\" alt=\"IMG_8602\" width=\"300\" height=\"200\" srcset=\"https:\/\/paulineferrandprevot.com\/wp-content\/uploads\/2017\/04\/IMG_8602-300x200.jpg 300w, https:\/\/paulineferrandprevot.com\/wp-content\/uploads\/2017\/04\/IMG_8602-600x400.jpg 600w, https:\/\/paulineferrandprevot.com\/wp-content\/uploads\/2017\/04\/IMG_8602.jpg 720w\" sizes=\"(max-width: 300px) 100vw, 300px\" \/><\/a><\/p>\n<p style=\"text-align: justify;\">Si \u00e0 l&#8217;avant, l&#8217;entente des \u00e9chapp\u00e9es n&#8217;est pas au mieux, derri\u00e8re le peloton organise la chasse. Pauline fera alors un travail \u00e9norme pour revenir et c&#8217;est sous la flamme rouge qu&#8217;un groupe de\u00a015 concurrentes effectue la jonction sous son impulsion.<\/p>\n<p style=\"text-align: justify;\">C&#8217;est donc 19 filles qui se pr\u00e9sentent dans l&#8217;ultime ligne droite et se disputent la victoire. <em>Coryn Rivera<\/em>, r\u00e9cente vainqueur du &#8220;<em>Trofeo Alfredo Binda&#8221;<\/em>, se montre la plus rapide et remporte l&#8217;\u00e9preuve. Pauline paie quelque peu\u00a0les efforts consentis lors de la chasse et se classe \u00e0 une\u00a0belle 13\u00e8me place. <em><strong>Bon boulot des Canyon Sram Racing Team !<\/strong><\/em><\/p>\n<p style=\"text-align: justify;\"><a href=\"http:\/\/paulineferrandprevot.com\/wp-content\/uploads\/2017\/04\/FullSizeRevvnder.jpg\"><img decoding=\"async\" loading=\"lazy\" class=\"aligncenter size-medium wp-image-6085\" src=\"http:\/\/paulineferrandprevot.com\/wp-content\/uploads\/2017\/04\/FullSizeRevvnder-300x298.jpg\" alt=\"FullSizeRevvnder\" width=\"300\" height=\"298\" srcset=\"https:\/\/paulineferrandprevot.com\/wp-content\/uploads\/2017\/04\/FullSizeRevvnder-300x298.jpg 300w, https:\/\/paulineferrandprevot.com\/wp-content\/uploads\/2017\/04\/FullSizeRevvnder-150x150.jpg 150w, https:\/\/paulineferrandprevot.com\/wp-content\/uploads\/2017\/04\/FullSizeRevvnder-1024x1017.jpg 1024w, https:\/\/paulineferrandprevot.com\/wp-content\/uploads\/2017\/04\/FullSizeRevvnder-600x596.jpg 600w, https:\/\/paulineferrandprevot.com\/wp-content\/uploads\/2017\/04\/FullSizeRevvnder-114x114.jpg 114w, https:\/\/paulineferrandprevot.com\/wp-content\/uploads\/2017\/04\/FullSizeRevvnder-190x190.jpg 190w, https:\/\/paulineferrandprevot.com\/wp-content\/uploads\/2017\/04\/FullSizeRevvnder-201x200.jpg 201w, https:\/\/paulineferrandprevot.com\/wp-content\/uploads\/2017\/04\/FullSizeRevvnder.jpg 1237w\" sizes=\"(max-width: 300px) 100vw, 300px\" \/><\/a><\/p>\n<p style=\"text-align: justify;\"><span style=\"color: #800080;\"><strong><span style=\"text-decoration: underline;\">Classement de l&#8217;\u00e9preuve<\/span> :<\/strong> <\/span><\/p>\n<p style=\"text-align: justify;\">1 &#8211; Coryn Rivera &#8211; Team Sunweb<\/p>\n<p style=\"text-align: justify;\">2 &#8211; Gracie Elvin &#8211; Orica Scott<\/p>\n<p style=\"text-align: justify;\">3 &#8211; Chantal Blaak &#8211; Boels Dolmans Cycling Team<\/p>\n<p style=\"text-align: justify;\">4 &#8211; Annemiek Van Vleuten &#8211; Orica Scott<\/p>\n<p style=\"text-align: justify;\">5 &#8211; Lotte Kopecky &#8211; Lotto Soudal Ladies<\/p>\n<p style=\"text-align: justify;\">6 &#8211; Elena Cecchini &#8211; Canyon Sram Racing Team<\/p>\n<p style=\"text-align: justify;\">7 &#8211; Rasa Leleivyte &#8211; Aromitalia Vaiano<\/p>\n<p style=\"text-align: justify;\">8 &#8211; Katarzyna Niewiadoma &#8211; WM3 Energie<\/p>\n<p style=\"text-align: justify;\">9 &#8211; Janneke Ensing &#8211; \u00c0 le Cipollini<\/p>\n<p style=\"text-align: justify;\">10 &#8211; Elisa Longo Borghini &#8211; Wiggle High 5<\/p>\n<p style=\"text-align: justify;\">&#8230;<\/p>\n<p style=\"text-align: justify;\"><strong>13 &#8211; Pauline Ferrand-Prevot &#8211; Canyon Sram Racing Team<\/strong><\/p>\n<p style=\"text-align: justify;\"><a href=\"http:\/\/paulineferrandprevot.com\/wp-content\/uploads\/2017\/04\/FullSizeRender.jpg\"><img decoding=\"async\" loading=\"lazy\" class=\"aligncenter size-medium wp-image-6084\" src=\"http:\/\/paulineferrandprevot.com\/wp-content\/uploads\/2017\/04\/FullSizeRender-300x294.jpg\" alt=\"FullSizeRender\" width=\"300\" height=\"294\" srcset=\"https:\/\/paulineferrandprevot.com\/wp-content\/uploads\/2017\/04\/FullSizeRender-300x294.jpg 300w, https:\/\/paulineferrandprevot.com\/wp-content\/uploads\/2017\/04\/FullSizeRender-1024x1005.jpg 1024w, https:\/\/paulineferrandprevot.com\/wp-content\/uploads\/2017\/04\/FullSizeRender-600x589.jpg 600w, https:\/\/paulineferrandprevot.com\/wp-content\/uploads\/2017\/04\/FullSizeRender-204x200.jpg 204w, https:\/\/paulineferrandprevot.com\/wp-content\/uploads\/2017\/04\/FullSizeRender.jpg 1241w\" sizes=\"(max-width: 300px) 100vw, 300px\" \/><\/a><\/p>\n<p style=\"text-align: center;\"><em>Photos Canyon Sram Racing Team et Manon Pauchet (Merci !)<\/em><\/p>\n<p style=\"text-align: center;\"><a href=\"http:\/\/paulineferrandprevot.com\/wp-content\/uploads\/2017\/04\/bbbb.jpg\"><img decoding=\"async\" loading=\"lazy\" class=\"aligncenter size-medium wp-image-6083\" src=\"http:\/\/paulineferrandprevot.com\/wp-content\/uploads\/2017\/04\/bbbb-300x195.jpg\" alt=\"bbbb\" width=\"300\" height=\"195\" srcset=\"https:\/\/paulineferrandprevot.com\/wp-content\/uploads\/2017\/04\/bbbb-300x195.jpg 300w, https:\/\/paulineferrandprevot.com\/wp-content\/uploads\/2017\/04\/bbbb.jpg 569w\" sizes=\"(max-width: 300px) 100vw, 300px\" \/><\/a><\/p>\n<p style=\"text-align: justify;\">\n","protected":false},"excerpt":{"rendered":"<p>256, c&#8217;est le nombre de concurrentes qui \u00e9taient au d\u00e9part de l&#8217;\u00e9dition 2017 de la &#8220;Ronde Van Vlaanderen&#8221;, plus connue en France sous le nom &hellip;<\/p>\n","protected":false},"author":3,"featured_media":6088,"comment_status":"closed","ping_status":"open","sticky":true,"template":"","format":"standard","meta":{"ngg_post_thumbnail":0},"categories":[1],"tags":[],"_links":{"self":[{"href":"https:\/\/paulineferrandprevot.com\/index.php?rest_route=\/wp\/v2\/posts\/6078"}],"collection":[{"href":"https:\/\/paulineferrandprevot.com\/index.php?rest_route=\/wp\/v2\/posts"}],"about":[{"href":"https:\/\/paulineferrandprevot.com\/index.php?rest_route=\/wp\/v2\/types\/post"}],"author":[{"embeddable":true,"href":"https:\/\/paulineferrandprevot.com\/index.php?rest_route=\/wp\/v2\/users\/3"}],"replies":[{"embeddable":true,"href":"https:\/\/paulineferrandprevot.com\/index.php?rest_route=%2Fwp%2Fv2%2Fcomments&post=6078"}],"version-history":[{"count":6,"href":"https:\/\/paulineferrandprevot.com\/index.php?rest_route=\/wp\/v2\/posts\/6078\/revisions"}],"predecessor-version":[{"id":6092,"href":"https:\/\/paulineferrandprevot.com\/index.php?rest_route=\/wp\/v2\/posts\/6078\/revisions\/6092"}],"wp:featuredmedia":[{"embeddable":true,"href":"https:\/\/paulineferrandprevot.com\/index.php?rest_route=\/wp\/v2\/media\/6088"}],"wp:attachment":[{"href":"https:\/\/paulineferrandprevot.com\/index.php?rest_route=%2Fwp%2Fv2%2Fmedia&parent=6078"}],"wp:term":[{"taxonomy":"category","embeddable":true,"href":"https:\/\/paulineferrandprevot.com\/index.php?rest_route=%2Fwp%2Fv2%2Fcategories&post=6078"},{"taxonomy":"post_tag","embeddable":true,"href":"https:\/\/paulineferrandprevot.com\/index.php?rest_route=%2Fwp%2Fv2%2Ftags&post=6078"}],"curies":[{"name":"wp","href":"https:\/\/api.w.org\/{rel}","templated":true}]}}