{"id":6925,"date":"2018-08-31T19:51:56","date_gmt":"2018-08-31T17:51:56","guid":{"rendered":"http:\/\/paulineferrandprevot.com\/?p=6925"},"modified":"2018-08-31T19:55:54","modified_gmt":"2018-08-31T17:55:54","slug":"finale-de-la-coupe-du-monde-vtt-en-france","status":"publish","type":"post","link":"https:\/\/paulineferrandprevot.com\/?p=6925","title":{"rendered":"Finale de la Coupe du Monde VTT en France !"},"content":{"rendered":"<p><a href=\"http:\/\/paulineferrandprevot.com\/wp-content\/uploads\/2018\/08\/IMG_8416.jpg\"><img decoding=\"async\" loading=\"lazy\" class=\"aligncenter size-medium wp-image-6928\" src=\"http:\/\/paulineferrandprevot.com\/wp-content\/uploads\/2018\/08\/IMG_8416-200x300.jpg\" alt=\"IMG_8416\" width=\"200\" height=\"300\" srcset=\"https:\/\/paulineferrandprevot.com\/wp-content\/uploads\/2018\/08\/IMG_8416-200x300.jpg 200w, https:\/\/paulineferrandprevot.com\/wp-content\/uploads\/2018\/08\/IMG_8416-683x1024.jpg 683w, https:\/\/paulineferrandprevot.com\/wp-content\/uploads\/2018\/08\/IMG_8416-400x600.jpg 400w, https:\/\/paulineferrandprevot.com\/wp-content\/uploads\/2018\/08\/IMG_8416-600x900.jpg 600w, https:\/\/paulineferrandprevot.com\/wp-content\/uploads\/2018\/08\/IMG_8416-133x200.jpg 133w\" sizes=\"(max-width: 200px) 100vw, 200px\" \/><\/a><\/p>\n<p>Le week-end dernier, se tenait la finale de la coupe du monde XCO sur le superbe circuit de <strong>La Bresse (Vosges).<\/strong><\/p>\n<p>La Bresse avait accueilli, en 2016,\u00a0une manche de coupe du monde, mais cette ann\u00e9e, les organisateurs ont propos\u00e9 un nouveau circuit\u00a0trac\u00e9 sur les hauteurs de la station de la <strong>Bresse-Hohneck<\/strong>, exigeant et technique.<\/p>\n<p>Pauline prend un bon d\u00e9part, et \u00e0 l&#8217;issue du &#8220;star-loop&#8221;, elle pointe en troisi\u00e8me position, alors que la championne du monde est d\u00e9j\u00e0 aux avants postes. Malheureusement <em>Jolanda Neff<\/em> est ralentie dans sa progression par une crevaison. C&#8217;est \u00e0 ce moment que <em>Pauline<\/em>, <em>Emily<\/em> <em>Batty, Annika Langvad<\/em> et <em>Jolanda Neff<\/em> se regroupent en t\u00eate.<\/p>\n<p><a href=\"http:\/\/paulineferrandprevot.com\/wp-content\/uploads\/2018\/08\/IMG_8437.jpg\"><img decoding=\"async\" loading=\"lazy\" class=\"aligncenter size-medium wp-image-6929\" src=\"http:\/\/paulineferrandprevot.com\/wp-content\/uploads\/2018\/08\/IMG_8437-200x300.jpg\" alt=\"IMG_8437\" width=\"200\" height=\"300\" srcset=\"https:\/\/paulineferrandprevot.com\/wp-content\/uploads\/2018\/08\/IMG_8437-200x300.jpg 200w, https:\/\/paulineferrandprevot.com\/wp-content\/uploads\/2018\/08\/IMG_8437-683x1024.jpg 683w, https:\/\/paulineferrandprevot.com\/wp-content\/uploads\/2018\/08\/IMG_8437-400x600.jpg 400w, https:\/\/paulineferrandprevot.com\/wp-content\/uploads\/2018\/08\/IMG_8437-600x900.jpg 600w, https:\/\/paulineferrandprevot.com\/wp-content\/uploads\/2018\/08\/IMG_8437-133x200.jpg 133w\" sizes=\"(max-width: 200px) 100vw, 200px\" \/><\/a><\/p>\n<p>C&#8217;est\u00a0alors que va commencer une bagarre m\u00e9morable entre les quatres pilotes, marqu\u00e9e par de nombreuses attaques et quelques probl\u00e8mes m\u00e9caniques. Certains diront m\u00eame que nous avons assist\u00e9 \u00e0 une course d&#8217;anthologie&#8230;<\/p>\n<p>La championne du monde tire son \u00e9pingle du jeu et remporte l&#8217;\u00e9preuve\u00a0ainsi que\u00a0la coupe du monde 2018.<\/p>\n<p>Avec\u00a0une belle attaque\u00a0dans l&#8217;entame du dernier tour, Pauline signe une superbe 4\u00e8me place.<\/p>\n<p><a href=\"http:\/\/paulineferrandprevot.com\/wp-content\/uploads\/2018\/08\/IMG_8492.jpg\"><img decoding=\"async\" loading=\"lazy\" class=\"aligncenter size-medium wp-image-6930\" src=\"http:\/\/paulineferrandprevot.com\/wp-content\/uploads\/2018\/08\/IMG_8492-300x200.jpg\" alt=\"IMG_8492\" width=\"300\" height=\"200\" srcset=\"https:\/\/paulineferrandprevot.com\/wp-content\/uploads\/2018\/08\/IMG_8492-300x200.jpg 300w, https:\/\/paulineferrandprevot.com\/wp-content\/uploads\/2018\/08\/IMG_8492-1024x683.jpg 1024w, https:\/\/paulineferrandprevot.com\/wp-content\/uploads\/2018\/08\/IMG_8492-600x400.jpg 600w\" sizes=\"(max-width: 300px) 100vw, 300px\" \/><\/a><\/p>\n<p>Les\u00a0meilleures pilotes se retrouveront le 8 septembre prochain pour les championnats du monde \u00e0 Lenzerheide en Suisse.<\/p>\n<p>Tous derri\u00e8re cette belle \u00e9quipe de France !!<\/p>\n<p><a href=\"http:\/\/paulineferrandprevot.com\/wp-content\/uploads\/2018\/08\/IMG_8520.jpg\"><img decoding=\"async\" loading=\"lazy\" class=\"aligncenter size-medium wp-image-6931\" src=\"http:\/\/paulineferrandprevot.com\/wp-content\/uploads\/2018\/08\/IMG_8520-300x200.jpg\" alt=\"IMG_8520\" width=\"300\" height=\"200\" srcset=\"https:\/\/paulineferrandprevot.com\/wp-content\/uploads\/2018\/08\/IMG_8520-300x200.jpg 300w, https:\/\/paulineferrandprevot.com\/wp-content\/uploads\/2018\/08\/IMG_8520-1024x683.jpg 1024w, https:\/\/paulineferrandprevot.com\/wp-content\/uploads\/2018\/08\/IMG_8520-600x400.jpg 600w\" sizes=\"(max-width: 300px) 100vw, 300px\" \/><\/a><\/p>\n<p><strong><span style=\"color: #800080;\"><span style=\"text-decoration: underline;\">Classement de l&#8217;\u00e9preuve<\/span> : <\/span><\/strong><\/p>\n<p>1 &#8211; Jolanda Neff &#8211; Kross Racing Team<\/p>\n<p>2 &#8211; Emily Batty &#8211; Trek Factory Racing XC<\/p>\n<p>3 &#8211; Annika Langvad &#8211; Specialized Racing<\/p>\n<p><strong>4 &#8211; Pauline Ferrand Prevot &#8211; Canyon Factory Racing Team<\/strong><\/p>\n<p>5 &#8211; Alessandra Keller &#8211; Thomus RN Racing Team<\/p>\n<p>6 &#8211; Anne Tauber &#8211; CST Sandd American Eagle MTB Racing Team<\/p>\n<p>7 &#8211;\u00a0 Kate Courtney &#8211; Specialized Racing<\/p>\n<p>8 &#8211; Ghita Michels<\/p>\n<p>9 &#8211; Maja Wloszczowska &#8211; Kross Racing Team<\/p>\n<p>10 &#8211; Tarijs Zakelj &#8211; Unior Dwing Factory Racing<\/p>\n<p><a href=\"http:\/\/paulineferrandprevot.com\/wp-content\/uploads\/2018\/08\/IMG_8524.jpg\"><img decoding=\"async\" loading=\"lazy\" class=\"aligncenter size-medium wp-image-6932\" src=\"http:\/\/paulineferrandprevot.com\/wp-content\/uploads\/2018\/08\/IMG_8524-300x200.jpg\" alt=\"IMG_8524\" width=\"300\" height=\"200\" srcset=\"https:\/\/paulineferrandprevot.com\/wp-content\/uploads\/2018\/08\/IMG_8524-300x200.jpg 300w, https:\/\/paulineferrandprevot.com\/wp-content\/uploads\/2018\/08\/IMG_8524-1024x683.jpg 1024w, https:\/\/paulineferrandprevot.com\/wp-content\/uploads\/2018\/08\/IMG_8524-600x400.jpg 600w, https:\/\/paulineferrandprevot.com\/wp-content\/uploads\/2018\/08\/IMG_8524-359x239.jpg 359w\" sizes=\"(max-width: 300px) 100vw, 300px\" \/><\/a><\/p>\n","protected":false},"excerpt":{"rendered":"<p>Le week-end dernier, se tenait la finale de la coupe du monde XCO sur le superbe circuit de La Bresse (Vosges). La Bresse avait accueilli, &hellip;<\/p>\n","protected":false},"author":3,"featured_media":6932,"comment_status":"closed","ping_status":"open","sticky":true,"template":"","format":"standard","meta":{"ngg_post_thumbnail":0},"categories":[1],"tags":[],"_links":{"self":[{"href":"https:\/\/paulineferrandprevot.com\/index.php?rest_route=\/wp\/v2\/posts\/6925"}],"collection":[{"href":"https:\/\/paulineferrandprevot.com\/index.php?rest_route=\/wp\/v2\/posts"}],"about":[{"href":"https:\/\/paulineferrandprevot.com\/index.php?rest_route=\/wp\/v2\/types\/post"}],"author":[{"embeddable":true,"href":"https:\/\/paulineferrandprevot.com\/index.php?rest_route=\/wp\/v2\/users\/3"}],"replies":[{"embeddable":true,"href":"https:\/\/paulineferrandprevot.com\/index.php?rest_route=%2Fwp%2Fv2%2Fcomments&post=6925"}],"version-history":[{"count":6,"href":"https:\/\/paulineferrandprevot.com\/index.php?rest_route=\/wp\/v2\/posts\/6925\/revisions"}],"predecessor-version":[{"id":6936,"href":"https:\/\/paulineferrandprevot.com\/index.php?rest_route=\/wp\/v2\/posts\/6925\/revisions\/6936"}],"wp:featuredmedia":[{"embeddable":true,"href":"https:\/\/paulineferrandprevot.com\/index.php?rest_route=\/wp\/v2\/media\/6932"}],"wp:attachment":[{"href":"https:\/\/paulineferrandprevot.com\/index.php?rest_route=%2Fwp%2Fv2%2Fmedia&parent=6925"}],"wp:term":[{"taxonomy":"category","embeddable":true,"href":"https:\/\/paulineferrandprevot.com\/index.php?rest_route=%2Fwp%2Fv2%2Fcategories&post=6925"},{"taxonomy":"post_tag","embeddable":true,"href":"https:\/\/paulineferrandprevot.com\/index.php?rest_route=%2Fwp%2Fv2%2Ftags&post=6925"}],"curies":[{"name":"wp","href":"https:\/\/api.w.org\/{rel}","templated":true}]}}