{"id":7061,"date":"2019-07-08T19:02:51","date_gmt":"2019-07-08T17:02:51","guid":{"rendered":"http:\/\/paulineferrandprevot.com\/?p=7061"},"modified":"2019-07-08T20:14:53","modified_gmt":"2019-07-08T18:14:53","slug":"12eme-place-lors-de-la-coupe-du-monde-de-vallnord","status":"publish","type":"post","link":"https:\/\/paulineferrandprevot.com\/?p=7061","title":{"rendered":"12\u00e8me place lors de la coupe du monde de Vallnord"},"content":{"rendered":"<p style=\"text-align: justify;\"><a href=\"http:\/\/paulineferrandprevot.com\/wp-content\/uploads\/2019\/07\/IMG_2656.jpg\"><img decoding=\"async\" loading=\"lazy\" class=\" size-medium wp-image-7064 aligncenter\" src=\"http:\/\/paulineferrandprevot.com\/wp-content\/uploads\/2019\/07\/IMG_2656-300x268.jpg\" alt=\"IMG_2656\" width=\"300\" height=\"268\" srcset=\"https:\/\/paulineferrandprevot.com\/wp-content\/uploads\/2019\/07\/IMG_2656-300x268.jpg 300w, https:\/\/paulineferrandprevot.com\/wp-content\/uploads\/2019\/07\/IMG_2656-600x536.jpg 600w, https:\/\/paulineferrandprevot.com\/wp-content\/uploads\/2019\/07\/IMG_2656-224x200.jpg 224w, https:\/\/paulineferrandprevot.com\/wp-content\/uploads\/2019\/07\/IMG_2656.jpg 800w\" sizes=\"(max-width: 300px) 100vw, 300px\" \/><\/a><\/p>\n<p style=\"text-align: justify;\">Dimanche, Pauline \u00e9tait au d\u00e9part de la manche de coupe du monde XCO de Vallnord en Andorre. Un circuit qu&#8217;elle affectionne particuli\u00e8rement pour y avoir \u00e9t\u00e9 sacr\u00e9e championne du monde en 2015 !<\/p>\n<p style=\"text-align: justify;\">Apr\u00e8s sa 6\u00e8me place lors de la short race, Pauline s&#8217;alignait sur la premi\u00e8re ligne ce qui lui \u00e0 valu de prendre un excellent d\u00e9part et de se retrouver rapidement aux avant-postes. Malgr\u00e8 une chaleur accablante, l&#8217;altitude et la poussi\u00e8re, Pauline fait une premi\u00e8re moiti\u00e9 de course parfaite. A la bagarre \u00e0 l&#8217;avant, elle prendra m\u00eame quelques secondes d&#8217;avance sur ses poursuivantes.<\/p>\n<p style=\"text-align: justify;\">Malheureusement, \u00e0 l&#8217;entame de l&#8217;avant-dernier tour, Pauline ne se sent pas bien, elle ressent des frissons et les jambes ne r\u00e9pondent plus. Elle doit donc laisser partir ses adversaires et termine \u00e0 la 12\u00e8me place au terme d&#8217;une magnifique course.<\/p>\n<p style=\"text-align: justify;\">Elle nous confiera \u00e0 l&#8217;arriv\u00e9e ne s&#8217;\u00eatre peut-etre pas assez aliment\u00e9e durant les jours pr\u00e9c\u00e9dents.<\/p>\n<p style=\"text-align: justify;\"><a href=\"http:\/\/paulineferrandprevot.com\/wp-content\/uploads\/2019\/07\/IMG_2650.jpg\"><img decoding=\"async\" loading=\"lazy\" class=\" size-medium wp-image-7063 aligncenter\" src=\"http:\/\/paulineferrandprevot.com\/wp-content\/uploads\/2019\/07\/IMG_2650-300x141.jpg\" alt=\"IMG_2650\" width=\"300\" height=\"141\" srcset=\"https:\/\/paulineferrandprevot.com\/wp-content\/uploads\/2019\/07\/IMG_2650-300x141.jpg 300w, https:\/\/paulineferrandprevot.com\/wp-content\/uploads\/2019\/07\/IMG_2650-600x281.jpg 600w, https:\/\/paulineferrandprevot.com\/wp-content\/uploads\/2019\/07\/IMG_2650.jpg 800w\" sizes=\"(max-width: 300px) 100vw, 300px\" \/><\/a><\/p>\n<p style=\"text-align: justify;\"><strong><span style=\"text-decoration: underline;\">La r\u00e9action de Pauline<\/span> :\u00a0<\/strong><\/p>\n<p style=\"text-align: justify;\"><em>&#8220;Quelle course de folie ! Sinc\u00e8rement je me sentais trop bien dans la premi\u00e8re heure de course. J&#8217;ai m\u00eame pens\u00e9 que je pouvais le faire, mais \u00e0 3 tours de la fin, j&#8217;ai commenc\u00e9 \u00e0 me sentir bizarre et je faisais des erreurs dans les descentes. Plus de lucidit\u00e9. J&#8217;ai vite compris que je n&#8217;avais pas assez mang\u00e9&#8230; La fin de course a \u00e9t\u00e9 une lutte contre moi-m\u00eame pour pouvoir franchir cette ligne d&#8217;arriv\u00e9e en 12\u00e8me position. Pour \u00eatre honn\u00eate, cela fait plusieurs semaines que je me dit qu&#8217;il faut que je sois l\u00e9g\u00e8re pour cette manche de coupe du monde en Andorre car les mont\u00e9es sont super dures. Finalement, j&#8217;ai jou\u00e9 avec le feu&#8230; On se revoit aux Gets !!<\/em><\/p>\n<p style=\"text-align: justify;\"><a href=\"http:\/\/paulineferrandprevot.com\/wp-content\/uploads\/2019\/07\/IMG_2658.jpg\"><img decoding=\"async\" loading=\"lazy\" class=\"aligncenter size-medium wp-image-7065\" src=\"http:\/\/paulineferrandprevot.com\/wp-content\/uploads\/2019\/07\/IMG_2658-300x197.jpg\" alt=\"IMG_2658\" width=\"300\" height=\"197\" srcset=\"https:\/\/paulineferrandprevot.com\/wp-content\/uploads\/2019\/07\/IMG_2658-300x197.jpg 300w, https:\/\/paulineferrandprevot.com\/wp-content\/uploads\/2019\/07\/IMG_2658-600x394.jpg 600w, https:\/\/paulineferrandprevot.com\/wp-content\/uploads\/2019\/07\/IMG_2658-359x236.jpg 359w, https:\/\/paulineferrandprevot.com\/wp-content\/uploads\/2019\/07\/IMG_2658.jpg 750w\" sizes=\"(max-width: 300px) 100vw, 300px\" \/><\/a><\/p>\n<p style=\"text-align: center;\"><em>photo : www.daniapphoto.com<\/em><\/p>\n<p style=\"text-align: justify;\"><strong><span style=\"color: #800080;\"><span style=\"text-decoration: underline;\">Classement de la manche de Vallnord<\/span> :\u00a0<\/span><\/strong><\/p>\n<p>1 &#8211; Anne Terpstra &#8211; Ned<\/p>\n<p>2 &#8211; Jolanda Neff &#8211; Sui<\/p>\n<p>3 &#8211; Yana Belomoina &#8211; Ukr<\/p>\n<p>4 &#8211; Daniela Campuzano Chavez Peon &#8211; Mex<\/p>\n<p>5 &#8211; Jenny Rissveds &#8211; Swe<\/p>\n<p>6 &#8211; Githa Michiels &#8211; Bel<\/p>\n<p>7 &#8211; Anne Tauber &#8211; Ned<\/p>\n<p>8 &#8211; Kate Courtney &#8211; USA<\/p>\n<p>9 &#8211; Sina Frei &#8211; Sui<\/p>\n<p>10 &#8211; Elisabeth Brandau &#8211; Ger<\/p>\n<p>&#8230;<\/p>\n<p><strong>12 &#8211; Pauline Ferrand Prevot &#8211; FRA &#8211; Canyon Factory Dowhill Team<\/strong><\/p>\n","protected":false},"excerpt":{"rendered":"<p>Dimanche, Pauline \u00e9tait au d\u00e9part de la manche de coupe du monde XCO de Vallnord en Andorre. Un circuit qu&#8217;elle affectionne particuli\u00e8rement pour y avoir &hellip;<\/p>\n","protected":false},"author":3,"featured_media":7065,"comment_status":"closed","ping_status":"open","sticky":true,"template":"","format":"standard","meta":{"ngg_post_thumbnail":0},"categories":[1],"tags":[],"_links":{"self":[{"href":"https:\/\/paulineferrandprevot.com\/index.php?rest_route=\/wp\/v2\/posts\/7061"}],"collection":[{"href":"https:\/\/paulineferrandprevot.com\/index.php?rest_route=\/wp\/v2\/posts"}],"about":[{"href":"https:\/\/paulineferrandprevot.com\/index.php?rest_route=\/wp\/v2\/types\/post"}],"author":[{"embeddable":true,"href":"https:\/\/paulineferrandprevot.com\/index.php?rest_route=\/wp\/v2\/users\/3"}],"replies":[{"embeddable":true,"href":"https:\/\/paulineferrandprevot.com\/index.php?rest_route=%2Fwp%2Fv2%2Fcomments&post=7061"}],"version-history":[{"count":5,"href":"https:\/\/paulineferrandprevot.com\/index.php?rest_route=\/wp\/v2\/posts\/7061\/revisions"}],"predecessor-version":[{"id":7069,"href":"https:\/\/paulineferrandprevot.com\/index.php?rest_route=\/wp\/v2\/posts\/7061\/revisions\/7069"}],"wp:featuredmedia":[{"embeddable":true,"href":"https:\/\/paulineferrandprevot.com\/index.php?rest_route=\/wp\/v2\/media\/7065"}],"wp:attachment":[{"href":"https:\/\/paulineferrandprevot.com\/index.php?rest_route=%2Fwp%2Fv2%2Fmedia&parent=7061"}],"wp:term":[{"taxonomy":"category","embeddable":true,"href":"https:\/\/paulineferrandprevot.com\/index.php?rest_route=%2Fwp%2Fv2%2Fcategories&post=7061"},{"taxonomy":"post_tag","embeddable":true,"href":"https:\/\/paulineferrandprevot.com\/index.php?rest_route=%2Fwp%2Fv2%2Ftags&post=7061"}],"curies":[{"name":"wp","href":"https:\/\/api.w.org\/{rel}","templated":true}]}}