{"id":7933,"date":"2022-09-04T22:49:44","date_gmt":"2022-09-04T20:49:44","guid":{"rendered":"https:\/\/paulineferrandprevot.com\/?p=7933"},"modified":"2022-09-04T22:49:45","modified_gmt":"2022-09-04T20:49:45","slug":"coupe-du-monde-de-val-di-sole-un-week-end-de-reve","status":"publish","type":"post","link":"https:\/\/paulineferrandprevot.com\/?p=7933","title":{"rendered":"Coupe du monde de Val di Sole &#8211; Un week-end de r\u00eave"},"content":{"rendered":"\n<p>C&#8217;est avec son nouveau maillot iris\u00e9, remport\u00e9 sur le circuit des Gets la semaine derni\u00e8re, que <em>Pauline<\/em> s&#8217;est align\u00e9e sur la derni\u00e8re manche de la coupe du monde 2022 \u00e0 Val Di Sole en Italie.<\/p>\n\n\n\n<p>Comme la semaine derni\u00e8re, le week-end avait tr\u00e8s bien commenc\u00e9 puisque <em>Pauline<\/em> remporte le XCC devant <em>Loana Lecomte <\/em>et <em>Alessandra Keller<\/em>, au terme d&#8217;un sprint m\u00e9morable.<\/p>\n\n\n\n<div class=\"wp-block-image\"><figure class=\"aligncenter size-large is-resized\"><a href=\"https:\/\/paulineferrandprevot.com\/wp-content\/uploads\/2022\/09\/IMG_6823.jpg\"><img decoding=\"async\" loading=\"lazy\" src=\"https:\/\/paulineferrandprevot.com\/wp-content\/uploads\/2022\/09\/IMG_6823-938x1024.jpg\" alt=\"\" class=\"wp-image-7930\" width=\"257\" height=\"280\" srcset=\"https:\/\/paulineferrandprevot.com\/wp-content\/uploads\/2022\/09\/IMG_6823-938x1024.jpg 938w, https:\/\/paulineferrandprevot.com\/wp-content\/uploads\/2022\/09\/IMG_6823-275x300.jpg 275w, https:\/\/paulineferrandprevot.com\/wp-content\/uploads\/2022\/09\/IMG_6823-768x839.jpg 768w, https:\/\/paulineferrandprevot.com\/wp-content\/uploads\/2022\/09\/IMG_6823.jpg 1262w\" sizes=\"(max-width: 257px) 100vw, 257px\" \/><\/a><\/figure><\/div>\n\n\n\n<p>Aujourd\u2019hui, la championne du monde a encore brill\u00e9 sur le XCO. Apr\u00e8s quelques hectom\u00e8tres, <em>Pauline<\/em>  et <em>Loana Lecomte <\/em>faussent compagnie aux autres pilotes et ne seront plus rejointes. Elle roulent de concert, jusqu&#8217;au troisi\u00e8me tour o\u00f9<em> Pauline <\/em>prend le meilleur sur sa compatriote et s&#8217;envole vers la victoire. <em>Loana Lecomte <\/em>termine seconde et <em>Jolanda Neff <\/em>compl\u00e8te le podium en compagnie d&#8217;<em>Haley Batten<\/em> et <em>Sina Frei<\/em>.<\/p>\n\n\n\n<div class=\"wp-block-image\"><figure class=\"aligncenter size-large is-resized\"><a href=\"https:\/\/paulineferrandprevot.com\/wp-content\/uploads\/2022\/09\/IMG_6841.jpg\"><img decoding=\"async\" loading=\"lazy\" src=\"https:\/\/paulineferrandprevot.com\/wp-content\/uploads\/2022\/09\/IMG_6841-848x1024.jpg\" alt=\"\" class=\"wp-image-7932\" width=\"226\" height=\"273\" srcset=\"https:\/\/paulineferrandprevot.com\/wp-content\/uploads\/2022\/09\/IMG_6841-848x1024.jpg 848w, https:\/\/paulineferrandprevot.com\/wp-content\/uploads\/2022\/09\/IMG_6841-249x300.jpg 249w, https:\/\/paulineferrandprevot.com\/wp-content\/uploads\/2022\/09\/IMG_6841-768x927.jpg 768w, https:\/\/paulineferrandprevot.com\/wp-content\/uploads\/2022\/09\/IMG_6841-1272x1536.jpg 1272w, https:\/\/paulineferrandprevot.com\/wp-content\/uploads\/2022\/09\/IMG_6841.jpg 1284w\" sizes=\"(max-width: 226px) 100vw, 226px\" \/><\/a><figcaption>photo Remi Fabregue<\/figcaption><\/figure><\/div>\n\n\n\n<p class=\"has-text-align-center\"><strong>Encore un week-end de r\u00e8ve !<\/strong><\/p>\n\n\n\n<p><span style=\"color:#a200a3\" class=\"has-inline-color\"><strong>Classement du XCC: <\/strong><\/span><\/p>\n\n\n\n<p><strong>1 &#8211; Pauline Ferrand Prevot<\/strong><\/p>\n\n\n\n<p>2 &#8211;  Loana Lecomte<\/p>\n\n\n\n<p>3 &#8211; Alessandra Keller<\/p>\n\n\n\n<p>4 &#8211; Jolanda Neff<\/p>\n\n\n\n<p>5 &#8211; Kate Courtney<\/p>\n\n\n\n<div class=\"wp-block-image\"><figure class=\"aligncenter size-large is-resized\"><a href=\"https:\/\/paulineferrandprevot.com\/wp-content\/uploads\/2022\/09\/IMG_6840.jpg\"><img decoding=\"async\" loading=\"lazy\" src=\"https:\/\/paulineferrandprevot.com\/wp-content\/uploads\/2022\/09\/IMG_6840-1024x718.jpg\" alt=\"\" class=\"wp-image-7931\" width=\"334\" height=\"234\" srcset=\"https:\/\/paulineferrandprevot.com\/wp-content\/uploads\/2022\/09\/IMG_6840-1024x718.jpg 1024w, https:\/\/paulineferrandprevot.com\/wp-content\/uploads\/2022\/09\/IMG_6840-300x210.jpg 300w, https:\/\/paulineferrandprevot.com\/wp-content\/uploads\/2022\/09\/IMG_6840-768x538.jpg 768w, https:\/\/paulineferrandprevot.com\/wp-content\/uploads\/2022\/09\/IMG_6840-359x252.jpg 359w, https:\/\/paulineferrandprevot.com\/wp-content\/uploads\/2022\/09\/IMG_6840.jpg 1231w\" sizes=\"(max-width: 334px) 100vw, 334px\" \/><\/a><figcaption>photo Remi Fabregue<\/figcaption><\/figure><\/div>\n\n\n\n<p><strong><span style=\"color:#a3009b\" class=\"has-inline-color\">Classement du XCO :<\/span> <\/strong><\/p>\n\n\n\n<p><strong>1 &#8211; Pauline Ferrand Prevot<\/strong><\/p>\n\n\n\n<p>2 &#8211; Loana Lecomte<\/p>\n\n\n\n<p>3 &#8211; Jolanda Neff<\/p>\n\n\n\n<p>4 &#8211; Halley Batten<\/p>\n\n\n\n<p>5 &#8211; Sina Frei<\/p>\n\n\n\n<p>6 &#8211; Alessandra Keller<\/p>\n\n\n\n<p>7 &#8211; Evie Richards<\/p>\n\n\n\n<p>8 &#8211; Martina Berta<\/p>\n\n\n\n<p>9 &#8211; Annie Last<\/p>\n\n\n\n<p>10 &#8211; Romana Forchini<\/p>\n\n\n\n<p><\/p>\n","protected":false},"excerpt":{"rendered":"<p>C&#8217;est avec son nouveau maillot iris\u00e9, remport\u00e9 sur le circuit des Gets la semaine derni\u00e8re, que Pauline s&#8217;est align\u00e9e sur la derni\u00e8re manche de la &hellip;<\/p>\n","protected":false},"author":3,"featured_media":7932,"comment_status":"open","ping_status":"open","sticky":true,"template":"","format":"standard","meta":{"ngg_post_thumbnail":0},"categories":[1],"tags":[],"_links":{"self":[{"href":"https:\/\/paulineferrandprevot.com\/index.php?rest_route=\/wp\/v2\/posts\/7933"}],"collection":[{"href":"https:\/\/paulineferrandprevot.com\/index.php?rest_route=\/wp\/v2\/posts"}],"about":[{"href":"https:\/\/paulineferrandprevot.com\/index.php?rest_route=\/wp\/v2\/types\/post"}],"author":[{"embeddable":true,"href":"https:\/\/paulineferrandprevot.com\/index.php?rest_route=\/wp\/v2\/users\/3"}],"replies":[{"embeddable":true,"href":"https:\/\/paulineferrandprevot.com\/index.php?rest_route=%2Fwp%2Fv2%2Fcomments&post=7933"}],"version-history":[{"count":1,"href":"https:\/\/paulineferrandprevot.com\/index.php?rest_route=\/wp\/v2\/posts\/7933\/revisions"}],"predecessor-version":[{"id":7934,"href":"https:\/\/paulineferrandprevot.com\/index.php?rest_route=\/wp\/v2\/posts\/7933\/revisions\/7934"}],"wp:featuredmedia":[{"embeddable":true,"href":"https:\/\/paulineferrandprevot.com\/index.php?rest_route=\/wp\/v2\/media\/7932"}],"wp:attachment":[{"href":"https:\/\/paulineferrandprevot.com\/index.php?rest_route=%2Fwp%2Fv2%2Fmedia&parent=7933"}],"wp:term":[{"taxonomy":"category","embeddable":true,"href":"https:\/\/paulineferrandprevot.com\/index.php?rest_route=%2Fwp%2Fv2%2Fcategories&post=7933"},{"taxonomy":"post_tag","embeddable":true,"href":"https:\/\/paulineferrandprevot.com\/index.php?rest_route=%2Fwp%2Fv2%2Ftags&post=7933"}],"curies":[{"name":"wp","href":"https:\/\/api.w.org\/{rel}","templated":true}]}}