{"id":8003,"date":"2022-11-02T15:13:54","date_gmt":"2022-11-02T14:13:54","guid":{"rendered":"https:\/\/paulineferrandprevot.com\/?p=8003"},"modified":"2022-11-02T15:25:36","modified_gmt":"2022-11-02T14:25:36","slug":"retour-dans-les-sous-bois-apres-deux-annees-dinterruption","status":"publish","type":"post","link":"https:\/\/paulineferrandprevot.com\/?p=8003","title":{"rendered":"Retour dans les sous-bois apr\u00e8s deux ann\u00e9es d&#8217;interruption"},"content":{"rendered":"\n<div class=\"wp-block-image\"><figure class=\"aligncenter size-large is-resized\"><a href=\"https:\/\/paulineferrandprevot.com\/wp-content\/uploads\/2022\/11\/IMG_1870-scaled.jpg\"><img decoding=\"async\" loading=\"lazy\" src=\"https:\/\/paulineferrandprevot.com\/wp-content\/uploads\/2022\/11\/IMG_1870-1024x683.jpg\" alt=\"\" class=\"wp-image-8005\" width=\"270\" height=\"179\"\/><\/a><\/figure><\/div>\n\n\n\n<p>Apr\u00e8s plus de deux ann\u00e9es d&#8217;interruption, Pauline a retrouv\u00e9, ce mardi, les sous-bois et son v\u00e9lo de cyclo-cross \u00e0 l&#8217;occasion de la premi\u00e8re manche du X2O trofee, le fameux Koppenbergcross.<\/p>\n\n\n\n<p>Nouveau mat\u00e9riel, nouvelle \u00e9quipe, nouvelle organisation et nouvelle logistique. Tout \u00e9tait pr\u00eat pour la reprise.<\/p>\n\n\n\n<div class=\"wp-block-image\"><figure class=\"aligncenter size-large is-resized\"><a href=\"https:\/\/paulineferrandprevot.com\/wp-content\/uploads\/2022\/11\/IMG_1927-scaled.jpg\"><img decoding=\"async\" loading=\"lazy\" src=\"https:\/\/paulineferrandprevot.com\/wp-content\/uploads\/2022\/11\/IMG_1927-683x1024.jpg\" alt=\"\" class=\"wp-image-8008\" width=\"178\" height=\"267\"\/><\/a><\/figure><\/div>\n\n\n\n<p>Partie loin sur la grille de d\u00e9part, Pauline remonte une \u00e0 une ses concurrentes jusqu&#8217;\u00e0 la 6\u00e8me place avant d&#8217;\u00eatre victime d&#8217;un ennuie m\u00e9canique. Au prix d&#8217;un bel effort, elle retrouve la huiti\u00e8me place mais le sort s\u2019acharne et doit une nouvelle fois s\u2019arr\u00eater. Notre championne ne se d\u00e9courage pas et signe une belle prometteuse 12\u00e8me place.<\/p>\n\n\n\n<div class=\"wp-block-image\"><figure class=\"aligncenter size-large is-resized\"><a href=\"https:\/\/paulineferrandprevot.com\/wp-content\/uploads\/2022\/11\/IMG_1893-scaled.jpg\"><img decoding=\"async\" loading=\"lazy\" src=\"https:\/\/paulineferrandprevot.com\/wp-content\/uploads\/2022\/11\/IMG_1893-1024x683.jpg\" alt=\"\" class=\"wp-image-8007\" width=\"253\" height=\"168\"\/><\/a><\/figure><\/div>\n\n\n\n<p><strong><span style=\"color:#a200a3\" class=\"has-inline-color\">Classement de l&#8217;\u00e9preuve : <\/span><\/strong><\/p>\n\n\n\n<p>1 &#8211; Fem Van Empel<\/p>\n\n\n\n<p>2 &#8211; Denise Betsema<\/p>\n\n\n\n<p>3 &#8211; Shirin Van Anrooij<\/p>\n\n\n\n<p>4 &#8211; Clara Honsinger<\/p>\n\n\n\n<p>5 &#8211; Marie Schreiber<\/p>\n\n\n\n<p>6 &#8211; Aniek Van Alphen<\/p>\n\n\n\n<p>7 &#8211; Isabella Holmgren<\/p>\n\n\n\n<p>8 &#8211; Kiona Crabbe<\/p>\n\n\n\n<p>9 &#8211; Ava Holmgren<\/p>\n\n\n\n<p>10 &#8211; Ella Maclean Howell<\/p>\n\n\n\n<p>&#8230;<\/p>\n\n\n\n<p><strong>12 &#8211; Pauline Ferrand Prevot<\/strong><\/p>\n","protected":false},"excerpt":{"rendered":"<p>Apr\u00e8s plus de deux ann\u00e9es d&#8217;interruption, Pauline a retrouv\u00e9, ce mardi, les sous-bois et son v\u00e9lo de cyclo-cross \u00e0 l&#8217;occasion de la premi\u00e8re manche du &hellip;<\/p>\n","protected":false},"author":3,"featured_media":8009,"comment_status":"open","ping_status":"open","sticky":true,"template":"","format":"standard","meta":{"ngg_post_thumbnail":0},"categories":[1],"tags":[],"_links":{"self":[{"href":"https:\/\/paulineferrandprevot.com\/index.php?rest_route=\/wp\/v2\/posts\/8003"}],"collection":[{"href":"https:\/\/paulineferrandprevot.com\/index.php?rest_route=\/wp\/v2\/posts"}],"about":[{"href":"https:\/\/paulineferrandprevot.com\/index.php?rest_route=\/wp\/v2\/types\/post"}],"author":[{"embeddable":true,"href":"https:\/\/paulineferrandprevot.com\/index.php?rest_route=\/wp\/v2\/users\/3"}],"replies":[{"embeddable":true,"href":"https:\/\/paulineferrandprevot.com\/index.php?rest_route=%2Fwp%2Fv2%2Fcomments&post=8003"}],"version-history":[{"count":2,"href":"https:\/\/paulineferrandprevot.com\/index.php?rest_route=\/wp\/v2\/posts\/8003\/revisions"}],"predecessor-version":[{"id":8011,"href":"https:\/\/paulineferrandprevot.com\/index.php?rest_route=\/wp\/v2\/posts\/8003\/revisions\/8011"}],"wp:featuredmedia":[{"embeddable":true,"href":"https:\/\/paulineferrandprevot.com\/index.php?rest_route=\/wp\/v2\/media\/8009"}],"wp:attachment":[{"href":"https:\/\/paulineferrandprevot.com\/index.php?rest_route=%2Fwp%2Fv2%2Fmedia&parent=8003"}],"wp:term":[{"taxonomy":"category","embeddable":true,"href":"https:\/\/paulineferrandprevot.com\/index.php?rest_route=%2Fwp%2Fv2%2Fcategories&post=8003"},{"taxonomy":"post_tag","embeddable":true,"href":"https:\/\/paulineferrandprevot.com\/index.php?rest_route=%2Fwp%2Fv2%2Ftags&post=8003"}],"curies":[{"name":"wp","href":"https:\/\/api.w.org\/{rel}","templated":true}]}}