{"id":8174,"date":"2023-05-15T23:01:37","date_gmt":"2023-05-15T21:01:37","guid":{"rendered":"https:\/\/paulineferrandprevot.com\/?p=8174"},"modified":"2023-05-15T23:33:31","modified_gmt":"2023-05-15T21:33:31","slug":"okk-bike-en-suisse-et-coupe-du-monde-de-nove-mesto-na-morave","status":"publish","type":"post","link":"https:\/\/paulineferrandprevot.com\/?p=8174","title":{"rendered":"OKK Bike en Suisse et Coupe du monde de Nov\u00e9 Mesto Na Morave"},"content":{"rendered":"\n<p>Apr\u00e8s sa victoire lors de la coupe de France de Gu\u00e9ret, Pauline s&#8217;est align\u00e9e sur le OKK Bike en suisse.<\/p>\n\n\n\n<p>Sur un parcours majoritairement urbain, la championne du monde termine \u00e0 la seconde place derri\u00e8re <em>Evie Richards<\/em>.<\/p>\n\n\n<div class=\"wp-block-image\">\n<figure class=\"aligncenter size-full is-resized\"><a href=\"https:\/\/paulineferrandprevot.com\/wp-content\/uploads\/2023\/05\/IMG_7751.jpg\"><img decoding=\"async\" loading=\"lazy\" src=\"https:\/\/paulineferrandprevot.com\/wp-content\/uploads\/2023\/05\/IMG_7751.jpg\" alt=\"\" class=\"wp-image-8162\" width=\"248\" height=\"310\" srcset=\"https:\/\/paulineferrandprevot.com\/wp-content\/uploads\/2023\/05\/IMG_7751.jpg 800w, https:\/\/paulineferrandprevot.com\/wp-content\/uploads\/2023\/05\/IMG_7751-240x300.jpg 240w, https:\/\/paulineferrandprevot.com\/wp-content\/uploads\/2023\/05\/IMG_7751-768x960.jpg 768w\" sizes=\"(max-width: 248px) 100vw, 248px\" \/><\/a><\/figure><\/div>\n\n\n<p>Une semaine plus tard, Pauline est au d\u00e9part du XCC des <strong>world s\u00e9ries<\/strong> de Nov\u00e9 Mesto Na Morave en r\u00e9publique Tch\u00e8que.<\/p>\n\n\n\n<p>Au terme d&#8217;une magnifique course, elle se classe \u00e0 la 4\u00e8me place, derri\u00e8re <em>Sina Frei<\/em> (3\u00e8me), <em>Alessandra Keller<\/em> (2\u00e8me) et <em>Laura Stigger<\/em> (1\u00e8re).<\/p>\n\n\n\n<p>Cette belle place lui permet d&#8217;obtenir un d\u00e9part en premi\u00e8re ligne lors du XCO du dimanche.<\/p>\n\n\n<div class=\"wp-block-image\">\n<figure class=\"aligncenter size-full is-resized\"><a href=\"https:\/\/paulineferrandprevot.com\/wp-content\/uploads\/2023\/05\/IMG_7743.jpg\"><img decoding=\"async\" loading=\"lazy\" src=\"https:\/\/paulineferrandprevot.com\/wp-content\/uploads\/2023\/05\/IMG_7743.jpg\" alt=\"\" class=\"wp-image-8154\" width=\"328\" height=\"205\" srcset=\"https:\/\/paulineferrandprevot.com\/wp-content\/uploads\/2023\/05\/IMG_7743.jpg 800w, https:\/\/paulineferrandprevot.com\/wp-content\/uploads\/2023\/05\/IMG_7743-300x188.jpg 300w, https:\/\/paulineferrandprevot.com\/wp-content\/uploads\/2023\/05\/IMG_7743-768x481.jpg 768w, https:\/\/paulineferrandprevot.com\/wp-content\/uploads\/2023\/05\/IMG_7743-359x225.jpg 359w\" sizes=\"(max-width: 328px) 100vw, 328px\" \/><\/a><\/figure><\/div>\n\n\n<p>C&#8217;est donc sous un temps maussade que les pilotes s&#8217;\u00e9lancent sur le mythique parcours  de Nov\u00e9 Mesto Na Morave. Un circuit l\u00e9g\u00e8rement modifi\u00e9 cette ann\u00e9e mais qui comporte toujours les fameuses racines qui ont fait sa r\u00e9putation.<\/p>\n\n\n\n<p>Pauline termine \u00e0 la seconde place, \u00e0 5 petites secondes d<em>e Puck Pieterse<\/em>.<\/p>\n\n\n\n<p>F\u00e9licitation pour cette belle entame de saison !<\/p>\n\n\n<div class=\"wp-block-image\">\n<figure class=\"aligncenter size-full is-resized\"><a href=\"https:\/\/paulineferrandprevot.com\/wp-content\/uploads\/2023\/05\/IMG_7750.jpg\"><img decoding=\"async\" loading=\"lazy\" src=\"https:\/\/paulineferrandprevot.com\/wp-content\/uploads\/2023\/05\/IMG_7750.jpg\" alt=\"\" class=\"wp-image-8161\" width=\"238\" height=\"279\" srcset=\"https:\/\/paulineferrandprevot.com\/wp-content\/uploads\/2023\/05\/IMG_7750.jpg 800w, https:\/\/paulineferrandprevot.com\/wp-content\/uploads\/2023\/05\/IMG_7750-256x300.jpg 256w, https:\/\/paulineferrandprevot.com\/wp-content\/uploads\/2023\/05\/IMG_7750-768x901.jpg 768w\" sizes=\"(max-width: 238px) 100vw, 238px\" \/><\/a><\/figure><\/div>\n\n\n<p><strong><mark style=\"background-color:rgba(0, 0, 0, 0);color:#990494\" class=\"has-inline-color\">Classement du XCO : <\/mark><\/strong><\/p>\n\n\n\n<p>1 &#8211; Puck Pieterse<\/p>\n\n\n\n<p><strong>2 &#8211; Pauline Ferrand-Prevot<\/strong><\/p>\n\n\n\n<p>3 &#8211; Loana Lecomte<\/p>\n\n\n\n<p>4 &#8211; Evie Richards<\/p>\n\n\n\n<p>5 &#8211; Alessandra Keller<\/p>\n\n\n\n<p>6 &#8211; Anne Terpstra<\/p>\n\n\n\n<p>7 &#8211; Caroline Boh\u00e9<\/p>\n\n\n\n<p>8 &#8211; Rebecca Henderson<\/p>\n\n\n\n<p>9 &#8211; Sina Frei<\/p>\n\n\n\n<p>10 &#8211; Martina Berta<\/p>\n\n\n<div class=\"wp-block-image\">\n<figure class=\"aligncenter size-full is-resized\"><a href=\"https:\/\/paulineferrandprevot.com\/wp-content\/uploads\/2023\/05\/IMG_7744.jpg\"><img decoding=\"async\" loading=\"lazy\" src=\"https:\/\/paulineferrandprevot.com\/wp-content\/uploads\/2023\/05\/IMG_7744.jpg\" alt=\"\" class=\"wp-image-8155\" width=\"301\" height=\"193\" srcset=\"https:\/\/paulineferrandprevot.com\/wp-content\/uploads\/2023\/05\/IMG_7744.jpg 800w, https:\/\/paulineferrandprevot.com\/wp-content\/uploads\/2023\/05\/IMG_7744-300x192.jpg 300w, https:\/\/paulineferrandprevot.com\/wp-content\/uploads\/2023\/05\/IMG_7744-768x492.jpg 768w, https:\/\/paulineferrandprevot.com\/wp-content\/uploads\/2023\/05\/IMG_7744-359x230.jpg 359w\" sizes=\"(max-width: 301px) 100vw, 301px\" \/><\/a><\/figure><\/div>\n\n\n<p><\/p>\n","protected":false},"excerpt":{"rendered":"<p>Apr\u00e8s sa victoire lors de la coupe de France de Gu\u00e9ret, Pauline s&#8217;est align\u00e9e sur le OKK Bike en suisse. Sur un parcours majoritairement urbain, &hellip;<\/p>\n","protected":false},"author":3,"featured_media":8156,"comment_status":"open","ping_status":"open","sticky":true,"template":"","format":"standard","meta":{"ngg_post_thumbnail":0},"categories":[1],"tags":[],"_links":{"self":[{"href":"https:\/\/paulineferrandprevot.com\/index.php?rest_route=\/wp\/v2\/posts\/8174"}],"collection":[{"href":"https:\/\/paulineferrandprevot.com\/index.php?rest_route=\/wp\/v2\/posts"}],"about":[{"href":"https:\/\/paulineferrandprevot.com\/index.php?rest_route=\/wp\/v2\/types\/post"}],"author":[{"embeddable":true,"href":"https:\/\/paulineferrandprevot.com\/index.php?rest_route=\/wp\/v2\/users\/3"}],"replies":[{"embeddable":true,"href":"https:\/\/paulineferrandprevot.com\/index.php?rest_route=%2Fwp%2Fv2%2Fcomments&post=8174"}],"version-history":[{"count":3,"href":"https:\/\/paulineferrandprevot.com\/index.php?rest_route=\/wp\/v2\/posts\/8174\/revisions"}],"predecessor-version":[{"id":8179,"href":"https:\/\/paulineferrandprevot.com\/index.php?rest_route=\/wp\/v2\/posts\/8174\/revisions\/8179"}],"wp:featuredmedia":[{"embeddable":true,"href":"https:\/\/paulineferrandprevot.com\/index.php?rest_route=\/wp\/v2\/media\/8156"}],"wp:attachment":[{"href":"https:\/\/paulineferrandprevot.com\/index.php?rest_route=%2Fwp%2Fv2%2Fmedia&parent=8174"}],"wp:term":[{"taxonomy":"category","embeddable":true,"href":"https:\/\/paulineferrandprevot.com\/index.php?rest_route=%2Fwp%2Fv2%2Fcategories&post=8174"},{"taxonomy":"post_tag","embeddable":true,"href":"https:\/\/paulineferrandprevot.com\/index.php?rest_route=%2Fwp%2Fv2%2Ftags&post=8174"}],"curies":[{"name":"wp","href":"https:\/\/api.w.org\/{rel}","templated":true}]}}