{"id":8550,"date":"2025-03-23T13:43:57","date_gmt":"2025-03-23T12:43:57","guid":{"rendered":"https:\/\/paulineferrandprevot.com\/?p=8550"},"modified":"2025-03-23T13:45:09","modified_gmt":"2025-03-23T12:45:09","slug":"milan-sanremo-une-belle-4eme-place-mais","status":"publish","type":"post","link":"https:\/\/paulineferrandprevot.com\/?p=8550","title":{"rendered":"MILAN-SANREMO &#8211; une belle 4\u00e8me place mais&#8230;.."},"content":{"rendered":"<div class=\"wp-block-image\">\n<figure class=\"aligncenter size-large is-resized\"><a href=\"https:\/\/paulineferrandprevot.com\/wp-content\/uploads\/2025\/03\/IMG_0470.jpg\"><img decoding=\"async\" loading=\"lazy\" src=\"https:\/\/paulineferrandprevot.com\/wp-content\/uploads\/2025\/03\/IMG_0470-1024x706.jpg\" alt=\"\" class=\"wp-image-8544\" width=\"318\" height=\"219\" srcset=\"https:\/\/paulineferrandprevot.com\/wp-content\/uploads\/2025\/03\/IMG_0470-1024x706.jpg 1024w, https:\/\/paulineferrandprevot.com\/wp-content\/uploads\/2025\/03\/IMG_0470-300x207.jpg 300w, https:\/\/paulineferrandprevot.com\/wp-content\/uploads\/2025\/03\/IMG_0470-768x530.jpg 768w, https:\/\/paulineferrandprevot.com\/wp-content\/uploads\/2025\/03\/IMG_0470-359x248.jpg 359w, https:\/\/paulineferrandprevot.com\/wp-content\/uploads\/2025\/03\/IMG_0470.jpg 1290w\" sizes=\"(max-width: 318px) 100vw, 318px\" \/><\/a><figcaption class=\"wp-element-caption\">Photos Visma Lease A Bike<\/figcaption><\/figure><\/div>\n\n\n<p>Ce samedi avait lieu le retour de la course <strong>Milan Sanremo Donne<\/strong>. Pauline et ses co\u00e9quipi\u00e8res \u00e9taient de la partie, toujours avec l&#8217;envie de briller.<\/p>\n\n\n\n<p>Un d\u00e9roul\u00e9 presque classique avec de la pluie en d\u00e9but de course et quelques attaques qui n&#8217;iront pas tr\u00e8s loin jusqu&#8217;aux premi\u00e8res difficult\u00e9s o\u00f9 la tension monte tout comme la moyenne d&#8217;ailleurs. <em>Pauline <\/em>et ses &#8220;<em>abeilles<\/em>&#8221; participent activement \u00e0 l&#8217;animation de la course, toujours bien plac\u00e9es et attentives.<\/p>\n\n\n\n<p>Malheureusement, \u00e0 26 kms de l&#8217;arriv\u00e9e <em>Pauline <\/em>et <em>Marianne Vos <\/em>chutent toutes les deux, heureusement sans gravit\u00e9. Vite remont\u00e9es sur le v\u00e9lo et attendues par une co\u00e9quipi\u00e8re, les deux leaders de la <strong>Visma Lease a Bike <\/strong>r\u00e9int\u00e9greront rapidement le peloton.<\/p>\n\n\n<div class=\"wp-block-image\">\n<figure class=\"aligncenter size-large is-resized\"><a href=\"https:\/\/paulineferrandprevot.com\/wp-content\/uploads\/2025\/03\/IMG_0472.jpg\"><img decoding=\"async\" loading=\"lazy\" src=\"https:\/\/paulineferrandprevot.com\/wp-content\/uploads\/2025\/03\/IMG_0472-1024x1022.jpg\" alt=\"\" class=\"wp-image-8545\" width=\"277\" height=\"276\" srcset=\"https:\/\/paulineferrandprevot.com\/wp-content\/uploads\/2025\/03\/IMG_0472-1024x1022.jpg 1024w, https:\/\/paulineferrandprevot.com\/wp-content\/uploads\/2025\/03\/IMG_0472-300x300.jpg 300w, https:\/\/paulineferrandprevot.com\/wp-content\/uploads\/2025\/03\/IMG_0472-150x150.jpg 150w, https:\/\/paulineferrandprevot.com\/wp-content\/uploads\/2025\/03\/IMG_0472-768x767.jpg 768w, https:\/\/paulineferrandprevot.com\/wp-content\/uploads\/2025\/03\/IMG_0472.jpg 1280w\" sizes=\"(max-width: 277px) 100vw, 277px\" \/><\/a><\/figure><\/div>\n\n\n<p>A l&#8217;approche des derniers m\u00e8tres, <em>Elisa Longo Borghini <\/em>tente sa chance en solitaire mais sera reprise \u00e0 quelques centaines de m\u00e8tres de la ligne. C&#8217;est donc un groupe de 12 concurrentes qui se pr\u00e9sente pour la victoire. <em>Marianne Vos <\/em>prend <strong>la seconde <\/strong>place de l&#8217;\u00e9preuve quant \u00e0 <em>Pauline <\/em>elle coupe la ligne en <strong>4\u00e8me <\/strong>position avant de se voir r\u00e9trograd\u00e9e \u00e0 la 12\u00e8me place pour ne pas avoir tenue sa trajectoire lors de l&#8217;emballage final&#8230; un peu s\u00e9v\u00e8re !<\/p>\n\n\n<div class=\"wp-block-image\">\n<figure class=\"aligncenter size-large is-resized\"><a href=\"https:\/\/paulineferrandprevot.com\/wp-content\/uploads\/2025\/03\/IMG_0467.jpg\"><img decoding=\"async\" loading=\"lazy\" src=\"https:\/\/paulineferrandprevot.com\/wp-content\/uploads\/2025\/03\/IMG_0467-768x1024.jpg\" alt=\"\" class=\"wp-image-8543\" width=\"241\" height=\"321\" srcset=\"https:\/\/paulineferrandprevot.com\/wp-content\/uploads\/2025\/03\/IMG_0467-768x1024.jpg 768w, https:\/\/paulineferrandprevot.com\/wp-content\/uploads\/2025\/03\/IMG_0467-225x300.jpg 225w, https:\/\/paulineferrandprevot.com\/wp-content\/uploads\/2025\/03\/IMG_0467-1152x1536.jpg 1152w, https:\/\/paulineferrandprevot.com\/wp-content\/uploads\/2025\/03\/IMG_0467.jpg 1536w\" sizes=\"(max-width: 241px) 100vw, 241px\" \/><\/a><\/figure><\/div>\n\n\n<p><mark style=\"background-color:rgba(0, 0, 0, 0);color:#e210ae\" class=\"has-inline-color\"><strong>Cl<\/strong><\/mark><strong><mark style=\"background-color:rgba(0, 0, 0, 0);color:#e412ea\" class=\"has-inline-color\">assement de l&#8217;\u00e9preuve<\/mark><\/strong><strong><mark style=\"background-color:rgba(0, 0, 0, 0);color:#e412ea\" class=\"has-inline-color\"> <\/mark><\/strong>: <\/p>\n\n\n\n<p>1 &#8211; Lor\u00e9na Wiebes<\/p>\n\n\n\n<p>2 &#8211; Marianne Vos<\/p>\n\n\n\n<p>3 &#8211; No\u00e9mie Ruegg<\/p>\n\n\n\n<p>4 &#8211; Demi Vollering<\/p>\n\n\n\n<p>5 &#8211; Kimberley Le Court<\/p>\n\n\n\n<p>6 &#8211; Chloe Digert<\/p>\n\n\n\n<p>7 &#8211; Elisa Balsamo<\/p>\n\n\n\n<p>8 &#8211; Juliette Labous<\/p>\n\n\n\n<p>9 &#8211; Lotte Kopecky<\/p>\n\n\n\n<p>10 &#8211; Puck Pieterse<\/p>\n\n\n\n<p>&#8230;<\/p>\n\n\n\n<p><strong>12 <\/strong>&#8211; <strong>Pauline Ferrand<\/strong>&#8211;<strong>Prevot <\/strong>(<em>apr\u00e8s d\u00e9classement<\/em>)<\/p>\n\n\n<div class=\"wp-block-image\">\n<figure class=\"aligncenter size-large is-resized\"><a href=\"https:\/\/paulineferrandprevot.com\/wp-content\/uploads\/2025\/03\/IMG_0473.jpg\"><img decoding=\"async\" loading=\"lazy\" src=\"https:\/\/paulineferrandprevot.com\/wp-content\/uploads\/2025\/03\/IMG_0473-1024x675.jpg\" alt=\"\" class=\"wp-image-8546\" width=\"289\" height=\"190\" srcset=\"https:\/\/paulineferrandprevot.com\/wp-content\/uploads\/2025\/03\/IMG_0473-1024x675.jpg 1024w, https:\/\/paulineferrandprevot.com\/wp-content\/uploads\/2025\/03\/IMG_0473-300x198.jpg 300w, https:\/\/paulineferrandprevot.com\/wp-content\/uploads\/2025\/03\/IMG_0473-768x506.jpg 768w, https:\/\/paulineferrandprevot.com\/wp-content\/uploads\/2025\/03\/IMG_0473-1536x1013.jpg 1536w, https:\/\/paulineferrandprevot.com\/wp-content\/uploads\/2025\/03\/IMG_0473-359x237.jpg 359w, https:\/\/paulineferrandprevot.com\/wp-content\/uploads\/2025\/03\/IMG_0473.jpg 2048w\" sizes=\"(max-width: 289px) 100vw, 289px\" \/><\/a><\/figure><\/div>","protected":false},"excerpt":{"rendered":"<p>Ce samedi avait lieu le retour de la course Milan Sanremo Donne. Pauline et ses co\u00e9quipi\u00e8res \u00e9taient de la partie, toujours avec l&#8217;envie de briller. &hellip;<\/p>\n","protected":false},"author":3,"featured_media":8542,"comment_status":"open","ping_status":"open","sticky":true,"template":"","format":"standard","meta":{"ngg_post_thumbnail":0},"categories":[1],"tags":[],"_links":{"self":[{"href":"https:\/\/paulineferrandprevot.com\/index.php?rest_route=\/wp\/v2\/posts\/8550"}],"collection":[{"href":"https:\/\/paulineferrandprevot.com\/index.php?rest_route=\/wp\/v2\/posts"}],"about":[{"href":"https:\/\/paulineferrandprevot.com\/index.php?rest_route=\/wp\/v2\/types\/post"}],"author":[{"embeddable":true,"href":"https:\/\/paulineferrandprevot.com\/index.php?rest_route=\/wp\/v2\/users\/3"}],"replies":[{"embeddable":true,"href":"https:\/\/paulineferrandprevot.com\/index.php?rest_route=%2Fwp%2Fv2%2Fcomments&post=8550"}],"version-history":[{"count":4,"href":"https:\/\/paulineferrandprevot.com\/index.php?rest_route=\/wp\/v2\/posts\/8550\/revisions"}],"predecessor-version":[{"id":8555,"href":"https:\/\/paulineferrandprevot.com\/index.php?rest_route=\/wp\/v2\/posts\/8550\/revisions\/8555"}],"wp:featuredmedia":[{"embeddable":true,"href":"https:\/\/paulineferrandprevot.com\/index.php?rest_route=\/wp\/v2\/media\/8542"}],"wp:attachment":[{"href":"https:\/\/paulineferrandprevot.com\/index.php?rest_route=%2Fwp%2Fv2%2Fmedia&parent=8550"}],"wp:term":[{"taxonomy":"category","embeddable":true,"href":"https:\/\/paulineferrandprevot.com\/index.php?rest_route=%2Fwp%2Fv2%2Fcategories&post=8550"},{"taxonomy":"post_tag","embeddable":true,"href":"https:\/\/paulineferrandprevot.com\/index.php?rest_route=%2Fwp%2Fv2%2Ftags&post=8550"}],"curies":[{"name":"wp","href":"https:\/\/api.w.org\/{rel}","templated":true}]}}