{"id":94,"date":"2012-03-16T11:15:19","date_gmt":"2012-03-16T10:15:19","guid":{"rendered":"http:\/\/paulineferrandprevot.com\/?p=94"},"modified":"2012-03-16T15:35:37","modified_gmt":"2012-03-16T14:35:37","slug":"depuis-pietermaritzburg-2","status":"publish","type":"post","link":"https:\/\/paulineferrandprevot.com\/?p=94","title":{"rendered":"Depuis Pietermaritzburg (2)"},"content":{"rendered":"<figure id=\"attachment_98\" aria-describedby=\"caption-attachment-98\" style=\"width: 300px\" class=\"wp-caption alignnone\"><a href=\"http:\/\/paulineferrandprevot.com\/wp-content\/uploads\/2012\/03\/420486_202252853214483_136820523091050_287231_255627310_n.jpg\"><img decoding=\"async\" loading=\"lazy\" class=\"size-medium wp-image-98\" title=\"420486_202252853214483_136820523091050_287231_255627310_n\" src=\"http:\/\/paulineferrandprevot.com\/wp-content\/uploads\/2012\/03\/420486_202252853214483_136820523091050_287231_255627310_n-300x300.jpg\" alt=\"\" width=\"300\" height=\"300\" srcset=\"https:\/\/paulineferrandprevot.com\/wp-content\/uploads\/2012\/03\/420486_202252853214483_136820523091050_287231_255627310_n-300x300.jpg 300w, https:\/\/paulineferrandprevot.com\/wp-content\/uploads\/2012\/03\/420486_202252853214483_136820523091050_287231_255627310_n-150x150.jpg 150w, https:\/\/paulineferrandprevot.com\/wp-content\/uploads\/2012\/03\/420486_202252853214483_136820523091050_287231_255627310_n.jpg 720w\" sizes=\"(max-width: 300px) 100vw, 300px\" \/><\/a><figcaption id=\"caption-attachment-98\" class=\"wp-caption-text\">Passage dans le &#39;Roc Garden&quot;.<\/figcaption><\/figure>\n<p>\u00ab\u00a0Alors voil\u00e0, on y est enfin ! Apr\u00e8s un d\u00e9but de saison sur route r\u00e9ussi, me voil\u00e0 cette fois au guidon de mon VTT pour la premi\u00e8re manche de Coupe du monde, en Afrique du Sud !<\/p>\n<p>En effet, je suis partie juste apr\u00e8s la Coupe du monde sur route \u00e0 Drenthe \u00a0pour rejoindre le Team Rabobank Off-Road ! Arriv\u00e9e sur place, j&#8217;ai vite pris mes rep\u00e8res au sein du Team. J&#8217;ai aussi essay\u00e9 de bien r\u00e9cup\u00e9rer du voyage (\u00a012 h\u00a0d&#8217;avion) et de m&#8217;acclimater \u00e0 la chaleur, car, ici, nous sommes en \u00e9t\u00e9 !<\/p>\n<figure id=\"attachment_95\" aria-describedby=\"caption-attachment-95\" style=\"width: 300px\" class=\"wp-caption alignnone\"><a href=\"http:\/\/paulineferrandprevot.com\/wp-content\/uploads\/2012\/03\/pfp.png\"><img decoding=\"async\" loading=\"lazy\" class=\"size-medium wp-image-95\" title=\"pfp\" src=\"http:\/\/paulineferrandprevot.com\/wp-content\/uploads\/2012\/03\/pfp-300x224.png\" alt=\"\" width=\"300\" height=\"224\" srcset=\"https:\/\/paulineferrandprevot.com\/wp-content\/uploads\/2012\/03\/pfp-300x224.png 300w, https:\/\/paulineferrandprevot.com\/wp-content\/uploads\/2012\/03\/pfp.png 960w\" sizes=\"(max-width: 300px) 100vw, 300px\" \/><\/a><figcaption id=\"caption-attachment-95\" class=\"wp-caption-text\">Un des passages d\u00e9licats du parcours.<\/figcaption><\/figure>\n<p>&nbsp;<\/p>\n<p>Apr\u00e8s deux reconnaissances du circuit, je suis de plus en plus \u00e0 l&#8217;aise&#8230; Il est tr\u00e8s technique, avec beaucoup de zones rocheuses, et des descentes sinueuses ! C&#8217;est une grande premi\u00e8re pour moi de courir avec les \u00e9lites ; je serai la plus jeune au d\u00e9part de la course samedi ! Donc pas de pression, juste l&#8217;envie de bien faire et d&#8217;essayer de montrer de quoi je suis capable sur un VTT\u00a0!\u00a0\u00bb<\/p>\n<figure id=\"attachment_102\" aria-describedby=\"caption-attachment-102\" style=\"width: 300px\" class=\"wp-caption alignnone\"><a href=\"http:\/\/paulineferrandprevot.com\/wp-content\/uploads\/2012\/03\/420630_202597903179978_136820523091050_287894_2036209665_n1.jpg\"><img decoding=\"async\" loading=\"lazy\" class=\"size-medium wp-image-102\" title=\"420630_202597903179978_136820523091050_287894_2036209665_n\" src=\"http:\/\/paulineferrandprevot.com\/wp-content\/uploads\/2012\/03\/420630_202597903179978_136820523091050_287894_2036209665_n1-300x175.jpg\" alt=\"\" width=\"300\" height=\"175\" \/><\/a><figcaption id=\"caption-attachment-102\" class=\"wp-caption-text\">Mon nouveau v\u00e9lo.<\/figcaption><\/figure>\n<p>&nbsp;<\/p>\n<figure id=\"attachment_103\" aria-describedby=\"caption-attachment-103\" style=\"width: 300px\" class=\"wp-caption alignnone\"><a href=\"http:\/\/paulineferrandprevot.com\/wp-content\/uploads\/2012\/03\/429171_202596469846788_136820523091050_287893_1184153732_n1.jpg\"><img decoding=\"async\" loading=\"lazy\" class=\"size-medium wp-image-103\" title=\"429171_202596469846788_136820523091050_287893_1184153732_n\" src=\"http:\/\/paulineferrandprevot.com\/wp-content\/uploads\/2012\/03\/429171_202596469846788_136820523091050_287893_1184153732_n1-300x200.jpg\" alt=\"\" width=\"300\" height=\"200\" srcset=\"https:\/\/paulineferrandprevot.com\/wp-content\/uploads\/2012\/03\/429171_202596469846788_136820523091050_287893_1184153732_n1-300x200.jpg 300w, https:\/\/paulineferrandprevot.com\/wp-content\/uploads\/2012\/03\/429171_202596469846788_136820523091050_287893_1184153732_n1-359x239.jpg 359w, https:\/\/paulineferrandprevot.com\/wp-content\/uploads\/2012\/03\/429171_202596469846788_136820523091050_287893_1184153732_n1.jpg 720w\" sizes=\"(max-width: 300px) 100vw, 300px\" \/><\/a><figcaption id=\"caption-attachment-103\" class=\"wp-caption-text\">Avec Julie Bresset et Lucie Chainel.<\/figcaption><\/figure>\n","protected":false},"excerpt":{"rendered":"<p>\u00ab\u00a0Alors voil\u00e0, on y est enfin ! Apr\u00e8s un d\u00e9but de saison sur route r\u00e9ussi, me voil\u00e0 cette fois au guidon de mon VTT pour &hellip;<\/p>\n","protected":false},"author":2,"featured_media":103,"comment_status":"open","ping_status":"open","sticky":false,"template":"","format":"standard","meta":{"ngg_post_thumbnail":0},"categories":[1],"tags":[],"_links":{"self":[{"href":"https:\/\/paulineferrandprevot.com\/index.php?rest_route=\/wp\/v2\/posts\/94"}],"collection":[{"href":"https:\/\/paulineferrandprevot.com\/index.php?rest_route=\/wp\/v2\/posts"}],"about":[{"href":"https:\/\/paulineferrandprevot.com\/index.php?rest_route=\/wp\/v2\/types\/post"}],"author":[{"embeddable":true,"href":"https:\/\/paulineferrandprevot.com\/index.php?rest_route=\/wp\/v2\/users\/2"}],"replies":[{"embeddable":true,"href":"https:\/\/paulineferrandprevot.com\/index.php?rest_route=%2Fwp%2Fv2%2Fcomments&post=94"}],"version-history":[{"count":0,"href":"https:\/\/paulineferrandprevot.com\/index.php?rest_route=\/wp\/v2\/posts\/94\/revisions"}],"wp:featuredmedia":[{"embeddable":true,"href":"https:\/\/paulineferrandprevot.com\/index.php?rest_route=\/wp\/v2\/media\/103"}],"wp:attachment":[{"href":"https:\/\/paulineferrandprevot.com\/index.php?rest_route=%2Fwp%2Fv2%2Fmedia&parent=94"}],"wp:term":[{"taxonomy":"category","embeddable":true,"href":"https:\/\/paulineferrandprevot.com\/index.php?rest_route=%2Fwp%2Fv2%2Fcategories&post=94"},{"taxonomy":"post_tag","embeddable":true,"href":"https:\/\/paulineferrandprevot.com\/index.php?rest_route=%2Fwp%2Fv2%2Ftags&post=94"}],"curies":[{"name":"wp","href":"https:\/\/api.w.org\/{rel}","templated":true}]}}